{"id":518,"date":"2025-07-29T14:44:49","date_gmt":"2025-07-29T13:44:49","guid":{"rendered":"https:\/\/gregoirecharlier.be\/?p=518"},"modified":"2025-09-10T09:59:15","modified_gmt":"2025-09-10T08:59:15","slug":"prochainement","status":"publish","type":"post","link":"https:\/\/gregoirecharlier.be\/?p=518","title":{"rendered":"Prochainement&#8230;"},"content":{"rendered":"\n<figure class=\"wp-block-image size-large\"><a href=\"https:\/\/gregoirecharlier.be\/wp-content\/uploads\/2025\/07\/499525084_1387385835680852_4514852131759250546_n.jpg\"><img loading=\"lazy\" decoding=\"async\" width=\"1024\" height=\"578\" src=\"https:\/\/gregoirecharlier.be\/wp-content\/uploads\/2025\/07\/499525084_1387385835680852_4514852131759250546_n-1024x578.jpg\" alt=\"\" class=\"wp-image-519\" srcset=\"https:\/\/gregoirecharlier.be\/wp-content\/uploads\/2025\/07\/499525084_1387385835680852_4514852131759250546_n-1024x578.jpg 1024w, https:\/\/gregoirecharlier.be\/wp-content\/uploads\/2025\/07\/499525084_1387385835680852_4514852131759250546_n-300x169.jpg 300w, https:\/\/gregoirecharlier.be\/wp-content\/uploads\/2025\/07\/499525084_1387385835680852_4514852131759250546_n-768x433.jpg 768w, https:\/\/gregoirecharlier.be\/wp-content\/uploads\/2025\/07\/499525084_1387385835680852_4514852131759250546_n-624x352.jpg 624w, https:\/\/gregoirecharlier.be\/wp-content\/uploads\/2025\/07\/499525084_1387385835680852_4514852131759250546_n.jpg 1040w\" sizes=\"auto, (max-width: 1024px) 100vw, 1024px\" \/><\/a><\/figure>\n\n\n\n<p>Prochaine formation au P\u00f4le de la Pierre du 17 au 21 novembre 2025<\/p>\n\n\n\n<p>Renseignements et inscriptions : sophie.bosman@awap.be<\/p>\n","protected":false},"excerpt":{"rendered":"<p>Prochaine formation au P\u00f4le de la Pierre du 17 au 21 novembre 2025 Renseignements et inscriptions : sophie.bosman@awap.be<\/p>\n","protected":false},"author":1,"featured_media":519,"comment_status":"open","ping_status":"closed","sticky":false,"template":"","format":"standard","meta":{"site-sidebar-layout":"default","site-content-layout":"","ast-site-content-layout":"default","site-content-style":"default","site-sidebar-style":"default","ast-global-header-display":"","ast-banner-title-visibility":"","ast-main-header-display":"","ast-hfb-above-header-display":"","ast-hfb-below-header-display":"","ast-hfb-mobile-header-display":"","site-post-title":"","ast-breadcrumbs-content":"","ast-featured-img":"","footer-sml-layout":"","theme-transparent-header-meta":"","adv-header-id-meta":"","stick-header-meta":"","header-above-stick-meta":"","header-main-stick-meta":"","header-below-stick-meta":"","astra-migrate-meta-layouts":"default","ast-page-background-enabled":"default","ast-page-background-meta":{"desktop":{"background-color":"var(--ast-global-color-5)","background-image":"","background-repeat":"repeat","background-position":"center center","background-size":"auto","background-attachment":"scroll","background-type":"","background-media":"","overlay-type":"","overlay-color":"","overlay-opacity":"","overlay-gradient":""},"tablet":{"background-color":"","background-image":"","background-repeat":"repeat","background-position":"center center","background-size":"auto","background-attachment":"scroll","background-type":"","background-media":"","overlay-type":"","overlay-color":"","overlay-opacity":"","overlay-gradient":""},"mobile":{"background-color":"","background-image":"","background-repeat":"repeat","background-position":"center center","background-size":"auto","background-attachment":"scroll","background-type":"","background-media":"","overlay-type":"","overlay-color":"","overlay-opacity":"","overlay-gradient":""}},"ast-content-background-meta":{"desktop":{"background-color":"var(--ast-global-color-4)","background-image":"","background-repeat":"repeat","background-position":"center center","background-size":"auto","background-attachment":"scroll","background-type":"","background-media":"","overlay-type":"","overlay-color":"","overlay-opacity":"","overlay-gradient":""},"tablet":{"background-color":"var(--ast-global-color-4)","background-image":"","background-repeat":"repeat","background-position":"center center","background-size":"auto","background-attachment":"scroll","background-type":"","background-media":"","overlay-type":"","overlay-color":"","overlay-opacity":"","overlay-gradient":""},"mobile":{"background-color":"var(--ast-global-color-4)","background-image":"","background-repeat":"repeat","background-position":"center center","background-size":"auto","background-attachment":"scroll","background-type":"","background-media":"","overlay-type":"","overlay-color":"","overlay-opacity":"","overlay-gradient":""}},"footnotes":""},"categories":[4],"tags":[],"class_list":["post-518","post","type-post","status-publish","format-standard","has-post-thumbnail","hentry","category-annonces"],"yoast_head":"<!-- This site is optimized with the Yoast SEO plugin v27.5 - https:\/\/yoast.com\/product\/yoast-seo-wordpress\/ -->\n<title>Prochainement... - Gr\u00e9goire Charlier<\/title>\n<meta name=\"robots\" content=\"index, follow, max-snippet:-1, max-image-preview:large, max-video-preview:-1\" \/>\n<link rel=\"canonical\" href=\"https:\/\/gregoirecharlier.be\/?p=518\" \/>\n<meta property=\"og:locale\" content=\"fr_FR\" \/>\n<meta property=\"og:type\" content=\"article\" \/>\n<meta property=\"og:title\" content=\"Prochainement... - Gr\u00e9goire Charlier\" \/>\n<meta property=\"og:description\" content=\"Prochaine formation au P\u00f4le de la Pierre du 17 au 21 novembre 2025 Renseignements et inscriptions : sophie.bosman@awap.be\" \/>\n<meta property=\"og:url\" content=\"https:\/\/gregoirecharlier.be\/?p=518\" \/>\n<meta property=\"og:site_name\" content=\"Gr\u00e9goire Charlier\" \/>\n<meta property=\"article:published_time\" content=\"2025-07-29T13:44:49+00:00\" \/>\n<meta property=\"article:modified_time\" content=\"2025-09-10T08:59:15+00:00\" \/>\n<meta property=\"og:image\" content=\"https:\/\/gregoirecharlier.be\/wp-content\/uploads\/2025\/07\/499525084_1387385835680852_4514852131759250546_n.jpg\" \/>\n\t<meta property=\"og:image:width\" content=\"1040\" \/>\n\t<meta property=\"og:image:height\" content=\"587\" \/>\n\t<meta property=\"og:image:type\" content=\"image\/jpeg\" \/>\n<meta name=\"author\" content=\"Gr\u00e9goire Charlier\" \/>\n<meta name=\"twitter:card\" content=\"summary_large_image\" \/>\n<meta name=\"twitter:label1\" content=\"\u00c9crit par\" \/>\n\t<meta name=\"twitter:data1\" content=\"Gr\u00e9goire Charlier\" \/>\n\t<meta name=\"twitter:label2\" content=\"Dur\u00e9e de lecture estim\u00e9e\" \/>\n\t<meta name=\"twitter:data2\" content=\"1 minute\" \/>\n<script type=\"application\/ld+json\" class=\"yoast-schema-graph\">{\"@context\":\"https:\\\/\\\/schema.org\",\"@graph\":[{\"@type\":\"Article\",\"@id\":\"https:\\\/\\\/gregoirecharlier.be\\\/?p=518#article\",\"isPartOf\":{\"@id\":\"https:\\\/\\\/gregoirecharlier.be\\\/?p=518\"},\"author\":{\"name\":\"Gr\u00e9goire Charlier\",\"@id\":\"https:\\\/\\\/gregoirecharlier.be\\\/#\\\/schema\\\/person\\\/aef19a7a961f4b27d00d2e33b6b92908\"},\"headline\":\"Prochainement&#8230;\",\"datePublished\":\"2025-07-29T13:44:49+00:00\",\"dateModified\":\"2025-09-10T08:59:15+00:00\",\"mainEntityOfPage\":{\"@id\":\"https:\\\/\\\/gregoirecharlier.be\\\/?p=518\"},\"wordCount\":19,\"commentCount\":0,\"publisher\":{\"@id\":\"https:\\\/\\\/gregoirecharlier.be\\\/#\\\/schema\\\/person\\\/aef19a7a961f4b27d00d2e33b6b92908\"},\"image\":{\"@id\":\"https:\\\/\\\/gregoirecharlier.be\\\/?p=518#primaryimage\"},\"thumbnailUrl\":\"https:\\\/\\\/gregoirecharlier.be\\\/wp-content\\\/uploads\\\/2025\\\/07\\\/499525084_1387385835680852_4514852131759250546_n.jpg\",\"articleSection\":[\"Annonces\"],\"inLanguage\":\"fr-FR\",\"potentialAction\":[{\"@type\":\"CommentAction\",\"name\":\"Comment\",\"target\":[\"https:\\\/\\\/gregoirecharlier.be\\\/?p=518#respond\"]}]},{\"@type\":\"WebPage\",\"@id\":\"https:\\\/\\\/gregoirecharlier.be\\\/?p=518\",\"url\":\"https:\\\/\\\/gregoirecharlier.be\\\/?p=518\",\"name\":\"Prochainement... - Gr\u00e9goire Charlier\",\"isPartOf\":{\"@id\":\"https:\\\/\\\/gregoirecharlier.be\\\/#website\"},\"primaryImageOfPage\":{\"@id\":\"https:\\\/\\\/gregoirecharlier.be\\\/?p=518#primaryimage\"},\"image\":{\"@id\":\"https:\\\/\\\/gregoirecharlier.be\\\/?p=518#primaryimage\"},\"thumbnailUrl\":\"https:\\\/\\\/gregoirecharlier.be\\\/wp-content\\\/uploads\\\/2025\\\/07\\\/499525084_1387385835680852_4514852131759250546_n.jpg\",\"datePublished\":\"2025-07-29T13:44:49+00:00\",\"dateModified\":\"2025-09-10T08:59:15+00:00\",\"breadcrumb\":{\"@id\":\"https:\\\/\\\/gregoirecharlier.be\\\/?p=518#breadcrumb\"},\"inLanguage\":\"fr-FR\",\"potentialAction\":[{\"@type\":\"ReadAction\",\"target\":[\"https:\\\/\\\/gregoirecharlier.be\\\/?p=518\"]}]},{\"@type\":\"ImageObject\",\"inLanguage\":\"fr-FR\",\"@id\":\"https:\\\/\\\/gregoirecharlier.be\\\/?p=518#primaryimage\",\"url\":\"https:\\\/\\\/gregoirecharlier.be\\\/wp-content\\\/uploads\\\/2025\\\/07\\\/499525084_1387385835680852_4514852131759250546_n.jpg\",\"contentUrl\":\"https:\\\/\\\/gregoirecharlier.be\\\/wp-content\\\/uploads\\\/2025\\\/07\\\/499525084_1387385835680852_4514852131759250546_n.jpg\",\"width\":1040,\"height\":587},{\"@type\":\"BreadcrumbList\",\"@id\":\"https:\\\/\\\/gregoirecharlier.be\\\/?p=518#breadcrumb\",\"itemListElement\":[{\"@type\":\"ListItem\",\"position\":1,\"name\":\"Accueil\",\"item\":\"https:\\\/\\\/gregoirecharlier.be\\\/\"},{\"@type\":\"ListItem\",\"position\":2,\"name\":\"Prochainement&#8230;\"}]},{\"@type\":\"WebSite\",\"@id\":\"https:\\\/\\\/gregoirecharlier.be\\\/#website\",\"url\":\"https:\\\/\\\/gregoirecharlier.be\\\/\",\"name\":\"Gr\u00e9goire Charlier - GCStones - Sculpture, gravure et taille de pierre\",\"description\":\"\",\"publisher\":{\"@id\":\"https:\\\/\\\/gregoirecharlier.be\\\/#\\\/schema\\\/person\\\/aef19a7a961f4b27d00d2e33b6b92908\"},\"potentialAction\":[{\"@type\":\"SearchAction\",\"target\":{\"@type\":\"EntryPoint\",\"urlTemplate\":\"https:\\\/\\\/gregoirecharlier.be\\\/?s={search_term_string}\"},\"query-input\":{\"@type\":\"PropertyValueSpecification\",\"valueRequired\":true,\"valueName\":\"search_term_string\"}}],\"inLanguage\":\"fr-FR\"},{\"@type\":[\"Person\",\"Organization\"],\"@id\":\"https:\\\/\\\/gregoirecharlier.be\\\/#\\\/schema\\\/person\\\/aef19a7a961f4b27d00d2e33b6b92908\",\"name\":\"Gr\u00e9goire Charlier\",\"image\":{\"@type\":\"ImageObject\",\"inLanguage\":\"fr-FR\",\"@id\":\"https:\\\/\\\/gregoirecharlier.be\\\/wp-content\\\/uploads\\\/2018\\\/04\\\/cropped-Greg2018_autocollant_400x300_corr.jpg\",\"url\":\"https:\\\/\\\/gregoirecharlier.be\\\/wp-content\\\/uploads\\\/2018\\\/04\\\/cropped-Greg2018_autocollant_400x300_corr.jpg\",\"contentUrl\":\"https:\\\/\\\/gregoirecharlier.be\\\/wp-content\\\/uploads\\\/2018\\\/04\\\/cropped-Greg2018_autocollant_400x300_corr.jpg\",\"width\":2000,\"height\":1500,\"caption\":\"Gr\u00e9goire Charlier\"},\"logo\":{\"@id\":\"https:\\\/\\\/gregoirecharlier.be\\\/wp-content\\\/uploads\\\/2018\\\/04\\\/cropped-Greg2018_autocollant_400x300_corr.jpg\"},\"sameAs\":[\"http:\\\/\\\/www.gregoirecharlier.be\"],\"url\":\"https:\\\/\\\/gregoirecharlier.be\\\/?author=1\"}]}<\/script>\n<!-- \/ Yoast SEO plugin. -->","yoast_head_json":{"title":"Prochainement... - Gr\u00e9goire Charlier","robots":{"index":"index","follow":"follow","max-snippet":"max-snippet:-1","max-image-preview":"max-image-preview:large","max-video-preview":"max-video-preview:-1"},"canonical":"https:\/\/gregoirecharlier.be\/?p=518","og_locale":"fr_FR","og_type":"article","og_title":"Prochainement... - Gr\u00e9goire Charlier","og_description":"Prochaine formation au P\u00f4le de la Pierre du 17 au 21 novembre 2025 Renseignements et inscriptions : sophie.bosman@awap.be","og_url":"https:\/\/gregoirecharlier.be\/?p=518","og_site_name":"Gr\u00e9goire Charlier","article_published_time":"2025-07-29T13:44:49+00:00","article_modified_time":"2025-09-10T08:59:15+00:00","og_image":[{"width":1040,"height":587,"url":"https:\/\/gregoirecharlier.be\/wp-content\/uploads\/2025\/07\/499525084_1387385835680852_4514852131759250546_n.jpg","type":"image\/jpeg"}],"author":"Gr\u00e9goire Charlier","twitter_card":"summary_large_image","twitter_misc":{"\u00c9crit par":"Gr\u00e9goire Charlier","Dur\u00e9e de lecture estim\u00e9e":"1 minute"},"schema":{"@context":"https:\/\/schema.org","@graph":[{"@type":"Article","@id":"https:\/\/gregoirecharlier.be\/?p=518#article","isPartOf":{"@id":"https:\/\/gregoirecharlier.be\/?p=518"},"author":{"name":"Gr\u00e9goire Charlier","@id":"https:\/\/gregoirecharlier.be\/#\/schema\/person\/aef19a7a961f4b27d00d2e33b6b92908"},"headline":"Prochainement&#8230;","datePublished":"2025-07-29T13:44:49+00:00","dateModified":"2025-09-10T08:59:15+00:00","mainEntityOfPage":{"@id":"https:\/\/gregoirecharlier.be\/?p=518"},"wordCount":19,"commentCount":0,"publisher":{"@id":"https:\/\/gregoirecharlier.be\/#\/schema\/person\/aef19a7a961f4b27d00d2e33b6b92908"},"image":{"@id":"https:\/\/gregoirecharlier.be\/?p=518#primaryimage"},"thumbnailUrl":"https:\/\/gregoirecharlier.be\/wp-content\/uploads\/2025\/07\/499525084_1387385835680852_4514852131759250546_n.jpg","articleSection":["Annonces"],"inLanguage":"fr-FR","potentialAction":[{"@type":"CommentAction","name":"Comment","target":["https:\/\/gregoirecharlier.be\/?p=518#respond"]}]},{"@type":"WebPage","@id":"https:\/\/gregoirecharlier.be\/?p=518","url":"https:\/\/gregoirecharlier.be\/?p=518","name":"Prochainement... - Gr\u00e9goire Charlier","isPartOf":{"@id":"https:\/\/gregoirecharlier.be\/#website"},"primaryImageOfPage":{"@id":"https:\/\/gregoirecharlier.be\/?p=518#primaryimage"},"image":{"@id":"https:\/\/gregoirecharlier.be\/?p=518#primaryimage"},"thumbnailUrl":"https:\/\/gregoirecharlier.be\/wp-content\/uploads\/2025\/07\/499525084_1387385835680852_4514852131759250546_n.jpg","datePublished":"2025-07-29T13:44:49+00:00","dateModified":"2025-09-10T08:59:15+00:00","breadcrumb":{"@id":"https:\/\/gregoirecharlier.be\/?p=518#breadcrumb"},"inLanguage":"fr-FR","potentialAction":[{"@type":"ReadAction","target":["https:\/\/gregoirecharlier.be\/?p=518"]}]},{"@type":"ImageObject","inLanguage":"fr-FR","@id":"https:\/\/gregoirecharlier.be\/?p=518#primaryimage","url":"https:\/\/gregoirecharlier.be\/wp-content\/uploads\/2025\/07\/499525084_1387385835680852_4514852131759250546_n.jpg","contentUrl":"https:\/\/gregoirecharlier.be\/wp-content\/uploads\/2025\/07\/499525084_1387385835680852_4514852131759250546_n.jpg","width":1040,"height":587},{"@type":"BreadcrumbList","@id":"https:\/\/gregoirecharlier.be\/?p=518#breadcrumb","itemListElement":[{"@type":"ListItem","position":1,"name":"Accueil","item":"https:\/\/gregoirecharlier.be\/"},{"@type":"ListItem","position":2,"name":"Prochainement&#8230;"}]},{"@type":"WebSite","@id":"https:\/\/gregoirecharlier.be\/#website","url":"https:\/\/gregoirecharlier.be\/","name":"Gr\u00e9goire Charlier - GCStones - Sculpture, gravure et taille de pierre","description":"","publisher":{"@id":"https:\/\/gregoirecharlier.be\/#\/schema\/person\/aef19a7a961f4b27d00d2e33b6b92908"},"potentialAction":[{"@type":"SearchAction","target":{"@type":"EntryPoint","urlTemplate":"https:\/\/gregoirecharlier.be\/?s={search_term_string}"},"query-input":{"@type":"PropertyValueSpecification","valueRequired":true,"valueName":"search_term_string"}}],"inLanguage":"fr-FR"},{"@type":["Person","Organization"],"@id":"https:\/\/gregoirecharlier.be\/#\/schema\/person\/aef19a7a961f4b27d00d2e33b6b92908","name":"Gr\u00e9goire Charlier","image":{"@type":"ImageObject","inLanguage":"fr-FR","@id":"https:\/\/gregoirecharlier.be\/wp-content\/uploads\/2018\/04\/cropped-Greg2018_autocollant_400x300_corr.jpg","url":"https:\/\/gregoirecharlier.be\/wp-content\/uploads\/2018\/04\/cropped-Greg2018_autocollant_400x300_corr.jpg","contentUrl":"https:\/\/gregoirecharlier.be\/wp-content\/uploads\/2018\/04\/cropped-Greg2018_autocollant_400x300_corr.jpg","width":2000,"height":1500,"caption":"Gr\u00e9goire Charlier"},"logo":{"@id":"https:\/\/gregoirecharlier.be\/wp-content\/uploads\/2018\/04\/cropped-Greg2018_autocollant_400x300_corr.jpg"},"sameAs":["http:\/\/www.gregoirecharlier.be"],"url":"https:\/\/gregoirecharlier.be\/?author=1"}]}},"_links":{"self":[{"href":"https:\/\/gregoirecharlier.be\/index.php?rest_route=\/wp\/v2\/posts\/518","targetHints":{"allow":["GET"]}}],"collection":[{"href":"https:\/\/gregoirecharlier.be\/index.php?rest_route=\/wp\/v2\/posts"}],"about":[{"href":"https:\/\/gregoirecharlier.be\/index.php?rest_route=\/wp\/v2\/types\/post"}],"author":[{"embeddable":true,"href":"https:\/\/gregoirecharlier.be\/index.php?rest_route=\/wp\/v2\/users\/1"}],"replies":[{"embeddable":true,"href":"https:\/\/gregoirecharlier.be\/index.php?rest_route=%2Fwp%2Fv2%2Fcomments&post=518"}],"version-history":[{"count":1,"href":"https:\/\/gregoirecharlier.be\/index.php?rest_route=\/wp\/v2\/posts\/518\/revisions"}],"predecessor-version":[{"id":520,"href":"https:\/\/gregoirecharlier.be\/index.php?rest_route=\/wp\/v2\/posts\/518\/revisions\/520"}],"wp:featuredmedia":[{"embeddable":true,"href":"https:\/\/gregoirecharlier.be\/index.php?rest_route=\/wp\/v2\/media\/519"}],"wp:attachment":[{"href":"https:\/\/gregoirecharlier.be\/index.php?rest_route=%2Fwp%2Fv2%2Fmedia&parent=518"}],"wp:term":[{"taxonomy":"category","embeddable":true,"href":"https:\/\/gregoirecharlier.be\/index.php?rest_route=%2Fwp%2Fv2%2Fcategories&post=518"},{"taxonomy":"post_tag","embeddable":true,"href":"https:\/\/gregoirecharlier.be\/index.php?rest_route=%2Fwp%2Fv2%2Ftags&post=518"}],"curies":[{"name":"wp","href":"https:\/\/api.w.org\/{rel}","templated":true}]}}