{"id":513,"date":"2025-07-29T14:40:37","date_gmt":"2025-07-29T13:40:37","guid":{"rendered":"https:\/\/gregoirecharlier.be\/?p=513"},"modified":"2025-09-10T10:00:33","modified_gmt":"2025-09-10T09:00:33","slug":"envol-dartistes-aout-2024","status":"publish","type":"post","link":"https:\/\/gregoirecharlier.be\/?p=513","title":{"rendered":"Envol d&rsquo;artistes &#8211; Ao\u00fbt 2024"},"content":{"rendered":"\n<figure class=\"wp-block-image size-full\"><a href=\"https:\/\/gregoirecharlier.be\/wp-content\/uploads\/2025\/07\/484503085_1062541249236605_450119533917477275_n.jpg\"><img loading=\"lazy\" decoding=\"async\" width=\"526\" height=\"275\" src=\"https:\/\/gregoirecharlier.be\/wp-content\/uploads\/2025\/07\/484503085_1062541249236605_450119533917477275_n.jpg\" alt=\"\" class=\"wp-image-514\" srcset=\"https:\/\/gregoirecharlier.be\/wp-content\/uploads\/2025\/07\/484503085_1062541249236605_450119533917477275_n.jpg 526w, https:\/\/gregoirecharlier.be\/wp-content\/uploads\/2025\/07\/484503085_1062541249236605_450119533917477275_n-300x157.jpg 300w\" sizes=\"auto, (max-width: 526px) 100vw, 526px\" \/><\/a><\/figure>\n\n\n\n<figure class=\"wp-block-image size-large\"><a href=\"https:\/\/gregoirecharlier.be\/wp-content\/uploads\/2025\/07\/480968672_1318897982529638_1595734870587841186_n.jpg\"><img loading=\"lazy\" decoding=\"async\" width=\"1024\" height=\"768\" src=\"https:\/\/gregoirecharlier.be\/wp-content\/uploads\/2025\/07\/480968672_1318897982529638_1595734870587841186_n-1024x768.jpg\" alt=\"\" class=\"wp-image-515\" srcset=\"https:\/\/gregoirecharlier.be\/wp-content\/uploads\/2025\/07\/480968672_1318897982529638_1595734870587841186_n-1024x768.jpg 1024w, https:\/\/gregoirecharlier.be\/wp-content\/uploads\/2025\/07\/480968672_1318897982529638_1595734870587841186_n-300x225.jpg 300w, https:\/\/gregoirecharlier.be\/wp-content\/uploads\/2025\/07\/480968672_1318897982529638_1595734870587841186_n-768x576.jpg 768w, https:\/\/gregoirecharlier.be\/wp-content\/uploads\/2025\/07\/480968672_1318897982529638_1595734870587841186_n-1536x1152.jpg 1536w, https:\/\/gregoirecharlier.be\/wp-content\/uploads\/2025\/07\/480968672_1318897982529638_1595734870587841186_n-624x468.jpg 624w, https:\/\/gregoirecharlier.be\/wp-content\/uploads\/2025\/07\/480968672_1318897982529638_1595734870587841186_n.jpg 1600w\" sizes=\"auto, (max-width: 1024px) 100vw, 1024px\" \/><\/a><\/figure>\n\n\n\n<figure class=\"wp-block-image size-large\"><a href=\"https:\/\/gregoirecharlier.be\/wp-content\/uploads\/2025\/07\/481921862_1318898059196297_8961754448448179844_n.jpg\"><img loading=\"lazy\" decoding=\"async\" width=\"768\" height=\"1024\" src=\"https:\/\/gregoirecharlier.be\/wp-content\/uploads\/2025\/07\/481921862_1318898059196297_8961754448448179844_n-768x1024.jpg\" alt=\"\" class=\"wp-image-516\" srcset=\"https:\/\/gregoirecharlier.be\/wp-content\/uploads\/2025\/07\/481921862_1318898059196297_8961754448448179844_n-768x1024.jpg 768w, https:\/\/gregoirecharlier.be\/wp-content\/uploads\/2025\/07\/481921862_1318898059196297_8961754448448179844_n-225x300.jpg 225w, https:\/\/gregoirecharlier.be\/wp-content\/uploads\/2025\/07\/481921862_1318898059196297_8961754448448179844_n-624x832.jpg 624w, https:\/\/gregoirecharlier.be\/wp-content\/uploads\/2025\/07\/481921862_1318898059196297_8961754448448179844_n.jpg 1080w\" sizes=\"auto, (max-width: 768px) 100vw, 768px\" \/><\/a><\/figure>\n\n\n\n<p>Merci Envol d&rsquo;Artistes pour cette magnifique journ\u00e9e riche en rencontres et \u00e9changes dans le merveilleux cadre du village de Clermont ! Une premi\u00e8re participation <a><\/a>parfaite, m\u00eame le soleil a finalement d\u00e9cid\u00e9 de s&rsquo;inviter <img loading=\"lazy\" decoding=\"async\" height=\"16\" width=\"16\" alt=\"\ud83d\ude0a\" src=\"https:\/\/static.xx.fbcdn.net\/images\/emoji.php\/v9\/t7f\/1\/16\/1f60a.png\"><img loading=\"lazy\" decoding=\"async\" height=\"16\" width=\"16\" alt=\"\u2600\ufe0f\" src=\"https:\/\/static.xx.fbcdn.net\/images\/emoji.php\/v9\/t6d\/1\/16\/2600.png\"><img loading=\"lazy\" decoding=\"async\" height=\"16\" width=\"16\" alt=\"\u2600\ufe0f\" src=\"https:\/\/static.xx.fbcdn.net\/images\/emoji.php\/v9\/t6d\/1\/16\/2600.png\"><img loading=\"lazy\" decoding=\"async\" height=\"16\" width=\"16\" alt=\"\u2600\ufe0f\" src=\"https:\/\/static.xx.fbcdn.net\/images\/emoji.php\/v9\/t6d\/1\/16\/2600.png\"><\/p>\n\n\n\n<p>Un tout grand merci \u00e0 ma famille, belle-famille et connaissances pour leur soutien et leur pr\u00e9sence <img loading=\"lazy\" decoding=\"async\" height=\"16\" width=\"16\" alt=\"\ud83d\ude18\" src=\"https:\/\/static.xx.fbcdn.net\/images\/emoji.php\/v9\/t75\/1\/16\/1f618.png\"><\/p>\n\n\n\n<p>Et merci \u00e0 Damienne et Benjamin pour votre confiance et votre efficacit\u00e9 <img loading=\"lazy\" decoding=\"async\" height=\"16\" width=\"16\" alt=\"\ud83d\ude0a\" src=\"https:\/\/static.xx.fbcdn.net\/images\/emoji.php\/v9\/t7f\/1\/16\/1f60a.png\"><\/p>\n\n\n\n<p><\/p>\n","protected":false},"excerpt":{"rendered":"<p>Merci Envol d&rsquo;Artistes pour cette magnifique journ\u00e9e riche en rencontres et \u00e9changes dans le merveilleux cadre du village de Clermont [&hellip;]<\/p>\n","protected":false},"author":1,"featured_media":514,"comment_status":"open","ping_status":"closed","sticky":false,"template":"","format":"standard","meta":{"site-sidebar-layout":"default","site-content-layout":"","ast-site-content-layout":"default","site-content-style":"default","site-sidebar-style":"default","ast-global-header-display":"","ast-banner-title-visibility":"","ast-main-header-display":"","ast-hfb-above-header-display":"","ast-hfb-below-header-display":"","ast-hfb-mobile-header-display":"","site-post-title":"","ast-breadcrumbs-content":"","ast-featured-img":"","footer-sml-layout":"","theme-transparent-header-meta":"","adv-header-id-meta":"","stick-header-meta":"","header-above-stick-meta":"","header-main-stick-meta":"","header-below-stick-meta":"","astra-migrate-meta-layouts":"default","ast-page-background-enabled":"default","ast-page-background-meta":{"desktop":{"background-color":"var(--ast-global-color-5)","background-image":"","background-repeat":"repeat","background-position":"center center","background-size":"auto","background-attachment":"scroll","background-type":"","background-media":"","overlay-type":"","overlay-color":"","overlay-opacity":"","overlay-gradient":""},"tablet":{"background-color":"","background-image":"","background-repeat":"repeat","background-position":"center center","background-size":"auto","background-attachment":"scroll","background-type":"","background-media":"","overlay-type":"","overlay-color":"","overlay-opacity":"","overlay-gradient":""},"mobile":{"background-color":"","background-image":"","background-repeat":"repeat","background-position":"center center","background-size":"auto","background-attachment":"scroll","background-type":"","background-media":"","overlay-type":"","overlay-color":"","overlay-opacity":"","overlay-gradient":""}},"ast-content-background-meta":{"desktop":{"background-color":"var(--ast-global-color-4)","background-image":"","background-repeat":"repeat","background-position":"center center","background-size":"auto","background-attachment":"scroll","background-type":"","background-media":"","overlay-type":"","overlay-color":"","overlay-opacity":"","overlay-gradient":""},"tablet":{"background-color":"var(--ast-global-color-4)","background-image":"","background-repeat":"repeat","background-position":"center center","background-size":"auto","background-attachment":"scroll","background-type":"","background-media":"","overlay-type":"","overlay-color":"","overlay-opacity":"","overlay-gradient":""},"mobile":{"background-color":"var(--ast-global-color-4)","background-image":"","background-repeat":"repeat","background-position":"center center","background-size":"auto","background-attachment":"scroll","background-type":"","background-media":"","overlay-type":"","overlay-color":"","overlay-opacity":"","overlay-gradient":""}},"footnotes":""},"categories":[4],"tags":[],"class_list":["post-513","post","type-post","status-publish","format-standard","has-post-thumbnail","hentry","category-annonces"],"yoast_head":"<!-- This site is optimized with the Yoast SEO plugin v27.5 - https:\/\/yoast.com\/product\/yoast-seo-wordpress\/ -->\n<title>Envol d&#039;artistes - Ao\u00fbt 2024 - Gr\u00e9goire Charlier<\/title>\n<meta name=\"robots\" content=\"index, follow, max-snippet:-1, max-image-preview:large, max-video-preview:-1\" \/>\n<link rel=\"canonical\" href=\"https:\/\/gregoirecharlier.be\/?p=513\" \/>\n<meta property=\"og:locale\" content=\"fr_FR\" \/>\n<meta property=\"og:type\" content=\"article\" \/>\n<meta property=\"og:title\" content=\"Envol d&#039;artistes - Ao\u00fbt 2024 - Gr\u00e9goire Charlier\" \/>\n<meta property=\"og:description\" content=\"Merci Envol d&rsquo;Artistes pour cette magnifique journ\u00e9e riche en rencontres et \u00e9changes dans le merveilleux cadre du village de Clermont [&hellip;]\" \/>\n<meta property=\"og:url\" content=\"https:\/\/gregoirecharlier.be\/?p=513\" \/>\n<meta property=\"og:site_name\" content=\"Gr\u00e9goire Charlier\" \/>\n<meta property=\"article:published_time\" content=\"2025-07-29T13:40:37+00:00\" \/>\n<meta property=\"article:modified_time\" content=\"2025-09-10T09:00:33+00:00\" \/>\n<meta property=\"og:image\" content=\"https:\/\/gregoirecharlier.be\/wp-content\/uploads\/2025\/07\/484503085_1062541249236605_450119533917477275_n.jpg\" \/>\n\t<meta property=\"og:image:width\" content=\"526\" \/>\n\t<meta property=\"og:image:height\" content=\"275\" \/>\n\t<meta property=\"og:image:type\" content=\"image\/jpeg\" \/>\n<meta name=\"author\" content=\"Gr\u00e9goire Charlier\" \/>\n<meta name=\"twitter:card\" content=\"summary_large_image\" \/>\n<meta name=\"twitter:label1\" content=\"\u00c9crit par\" \/>\n\t<meta name=\"twitter:data1\" content=\"Gr\u00e9goire Charlier\" \/>\n\t<meta name=\"twitter:label2\" content=\"Dur\u00e9e de lecture estim\u00e9e\" \/>\n\t<meta name=\"twitter:data2\" content=\"3 minutes\" \/>\n<script type=\"application\/ld+json\" class=\"yoast-schema-graph\">{\"@context\":\"https:\\\/\\\/schema.org\",\"@graph\":[{\"@type\":\"Article\",\"@id\":\"https:\\\/\\\/gregoirecharlier.be\\\/?p=513#article\",\"isPartOf\":{\"@id\":\"https:\\\/\\\/gregoirecharlier.be\\\/?p=513\"},\"author\":{\"name\":\"Gr\u00e9goire Charlier\",\"@id\":\"https:\\\/\\\/gregoirecharlier.be\\\/#\\\/schema\\\/person\\\/aef19a7a961f4b27d00d2e33b6b92908\"},\"headline\":\"Envol d&rsquo;artistes &#8211; Ao\u00fbt 2024\",\"datePublished\":\"2025-07-29T13:40:37+00:00\",\"dateModified\":\"2025-09-10T09:00:33+00:00\",\"mainEntityOfPage\":{\"@id\":\"https:\\\/\\\/gregoirecharlier.be\\\/?p=513\"},\"wordCount\":71,\"commentCount\":0,\"publisher\":{\"@id\":\"https:\\\/\\\/gregoirecharlier.be\\\/#\\\/schema\\\/person\\\/aef19a7a961f4b27d00d2e33b6b92908\"},\"image\":{\"@id\":\"https:\\\/\\\/gregoirecharlier.be\\\/?p=513#primaryimage\"},\"thumbnailUrl\":\"https:\\\/\\\/gregoirecharlier.be\\\/wp-content\\\/uploads\\\/2025\\\/07\\\/484503085_1062541249236605_450119533917477275_n.jpg\",\"articleSection\":[\"Annonces\"],\"inLanguage\":\"fr-FR\",\"potentialAction\":[{\"@type\":\"CommentAction\",\"name\":\"Comment\",\"target\":[\"https:\\\/\\\/gregoirecharlier.be\\\/?p=513#respond\"]}]},{\"@type\":\"WebPage\",\"@id\":\"https:\\\/\\\/gregoirecharlier.be\\\/?p=513\",\"url\":\"https:\\\/\\\/gregoirecharlier.be\\\/?p=513\",\"name\":\"Envol d'artistes - Ao\u00fbt 2024 - Gr\u00e9goire Charlier\",\"isPartOf\":{\"@id\":\"https:\\\/\\\/gregoirecharlier.be\\\/#website\"},\"primaryImageOfPage\":{\"@id\":\"https:\\\/\\\/gregoirecharlier.be\\\/?p=513#primaryimage\"},\"image\":{\"@id\":\"https:\\\/\\\/gregoirecharlier.be\\\/?p=513#primaryimage\"},\"thumbnailUrl\":\"https:\\\/\\\/gregoirecharlier.be\\\/wp-content\\\/uploads\\\/2025\\\/07\\\/484503085_1062541249236605_450119533917477275_n.jpg\",\"datePublished\":\"2025-07-29T13:40:37+00:00\",\"dateModified\":\"2025-09-10T09:00:33+00:00\",\"breadcrumb\":{\"@id\":\"https:\\\/\\\/gregoirecharlier.be\\\/?p=513#breadcrumb\"},\"inLanguage\":\"fr-FR\",\"potentialAction\":[{\"@type\":\"ReadAction\",\"target\":[\"https:\\\/\\\/gregoirecharlier.be\\\/?p=513\"]}]},{\"@type\":\"ImageObject\",\"inLanguage\":\"fr-FR\",\"@id\":\"https:\\\/\\\/gregoirecharlier.be\\\/?p=513#primaryimage\",\"url\":\"https:\\\/\\\/gregoirecharlier.be\\\/wp-content\\\/uploads\\\/2025\\\/07\\\/484503085_1062541249236605_450119533917477275_n.jpg\",\"contentUrl\":\"https:\\\/\\\/gregoirecharlier.be\\\/wp-content\\\/uploads\\\/2025\\\/07\\\/484503085_1062541249236605_450119533917477275_n.jpg\",\"width\":526,\"height\":275},{\"@type\":\"BreadcrumbList\",\"@id\":\"https:\\\/\\\/gregoirecharlier.be\\\/?p=513#breadcrumb\",\"itemListElement\":[{\"@type\":\"ListItem\",\"position\":1,\"name\":\"Accueil\",\"item\":\"https:\\\/\\\/gregoirecharlier.be\\\/\"},{\"@type\":\"ListItem\",\"position\":2,\"name\":\"Envol d&rsquo;artistes &#8211; Ao\u00fbt 2024\"}]},{\"@type\":\"WebSite\",\"@id\":\"https:\\\/\\\/gregoirecharlier.be\\\/#website\",\"url\":\"https:\\\/\\\/gregoirecharlier.be\\\/\",\"name\":\"Gr\u00e9goire Charlier - GCStones - Sculpture, gravure et taille de pierre\",\"description\":\"\",\"publisher\":{\"@id\":\"https:\\\/\\\/gregoirecharlier.be\\\/#\\\/schema\\\/person\\\/aef19a7a961f4b27d00d2e33b6b92908\"},\"potentialAction\":[{\"@type\":\"SearchAction\",\"target\":{\"@type\":\"EntryPoint\",\"urlTemplate\":\"https:\\\/\\\/gregoirecharlier.be\\\/?s={search_term_string}\"},\"query-input\":{\"@type\":\"PropertyValueSpecification\",\"valueRequired\":true,\"valueName\":\"search_term_string\"}}],\"inLanguage\":\"fr-FR\"},{\"@type\":[\"Person\",\"Organization\"],\"@id\":\"https:\\\/\\\/gregoirecharlier.be\\\/#\\\/schema\\\/person\\\/aef19a7a961f4b27d00d2e33b6b92908\",\"name\":\"Gr\u00e9goire Charlier\",\"image\":{\"@type\":\"ImageObject\",\"inLanguage\":\"fr-FR\",\"@id\":\"https:\\\/\\\/gregoirecharlier.be\\\/wp-content\\\/uploads\\\/2018\\\/04\\\/cropped-Greg2018_autocollant_400x300_corr.jpg\",\"url\":\"https:\\\/\\\/gregoirecharlier.be\\\/wp-content\\\/uploads\\\/2018\\\/04\\\/cropped-Greg2018_autocollant_400x300_corr.jpg\",\"contentUrl\":\"https:\\\/\\\/gregoirecharlier.be\\\/wp-content\\\/uploads\\\/2018\\\/04\\\/cropped-Greg2018_autocollant_400x300_corr.jpg\",\"width\":2000,\"height\":1500,\"caption\":\"Gr\u00e9goire Charlier\"},\"logo\":{\"@id\":\"https:\\\/\\\/gregoirecharlier.be\\\/wp-content\\\/uploads\\\/2018\\\/04\\\/cropped-Greg2018_autocollant_400x300_corr.jpg\"},\"sameAs\":[\"http:\\\/\\\/www.gregoirecharlier.be\"],\"url\":\"https:\\\/\\\/gregoirecharlier.be\\\/?author=1\"}]}<\/script>\n<!-- \/ Yoast SEO plugin. -->","yoast_head_json":{"title":"Envol d'artistes - Ao\u00fbt 2024 - Gr\u00e9goire Charlier","robots":{"index":"index","follow":"follow","max-snippet":"max-snippet:-1","max-image-preview":"max-image-preview:large","max-video-preview":"max-video-preview:-1"},"canonical":"https:\/\/gregoirecharlier.be\/?p=513","og_locale":"fr_FR","og_type":"article","og_title":"Envol d'artistes - Ao\u00fbt 2024 - Gr\u00e9goire Charlier","og_description":"Merci Envol d&rsquo;Artistes pour cette magnifique journ\u00e9e riche en rencontres et \u00e9changes dans le merveilleux cadre du village de Clermont [&hellip;]","og_url":"https:\/\/gregoirecharlier.be\/?p=513","og_site_name":"Gr\u00e9goire Charlier","article_published_time":"2025-07-29T13:40:37+00:00","article_modified_time":"2025-09-10T09:00:33+00:00","og_image":[{"width":526,"height":275,"url":"https:\/\/gregoirecharlier.be\/wp-content\/uploads\/2025\/07\/484503085_1062541249236605_450119533917477275_n.jpg","type":"image\/jpeg"}],"author":"Gr\u00e9goire Charlier","twitter_card":"summary_large_image","twitter_misc":{"\u00c9crit par":"Gr\u00e9goire Charlier","Dur\u00e9e de lecture estim\u00e9e":"3 minutes"},"schema":{"@context":"https:\/\/schema.org","@graph":[{"@type":"Article","@id":"https:\/\/gregoirecharlier.be\/?p=513#article","isPartOf":{"@id":"https:\/\/gregoirecharlier.be\/?p=513"},"author":{"name":"Gr\u00e9goire Charlier","@id":"https:\/\/gregoirecharlier.be\/#\/schema\/person\/aef19a7a961f4b27d00d2e33b6b92908"},"headline":"Envol d&rsquo;artistes &#8211; Ao\u00fbt 2024","datePublished":"2025-07-29T13:40:37+00:00","dateModified":"2025-09-10T09:00:33+00:00","mainEntityOfPage":{"@id":"https:\/\/gregoirecharlier.be\/?p=513"},"wordCount":71,"commentCount":0,"publisher":{"@id":"https:\/\/gregoirecharlier.be\/#\/schema\/person\/aef19a7a961f4b27d00d2e33b6b92908"},"image":{"@id":"https:\/\/gregoirecharlier.be\/?p=513#primaryimage"},"thumbnailUrl":"https:\/\/gregoirecharlier.be\/wp-content\/uploads\/2025\/07\/484503085_1062541249236605_450119533917477275_n.jpg","articleSection":["Annonces"],"inLanguage":"fr-FR","potentialAction":[{"@type":"CommentAction","name":"Comment","target":["https:\/\/gregoirecharlier.be\/?p=513#respond"]}]},{"@type":"WebPage","@id":"https:\/\/gregoirecharlier.be\/?p=513","url":"https:\/\/gregoirecharlier.be\/?p=513","name":"Envol d'artistes - Ao\u00fbt 2024 - Gr\u00e9goire Charlier","isPartOf":{"@id":"https:\/\/gregoirecharlier.be\/#website"},"primaryImageOfPage":{"@id":"https:\/\/gregoirecharlier.be\/?p=513#primaryimage"},"image":{"@id":"https:\/\/gregoirecharlier.be\/?p=513#primaryimage"},"thumbnailUrl":"https:\/\/gregoirecharlier.be\/wp-content\/uploads\/2025\/07\/484503085_1062541249236605_450119533917477275_n.jpg","datePublished":"2025-07-29T13:40:37+00:00","dateModified":"2025-09-10T09:00:33+00:00","breadcrumb":{"@id":"https:\/\/gregoirecharlier.be\/?p=513#breadcrumb"},"inLanguage":"fr-FR","potentialAction":[{"@type":"ReadAction","target":["https:\/\/gregoirecharlier.be\/?p=513"]}]},{"@type":"ImageObject","inLanguage":"fr-FR","@id":"https:\/\/gregoirecharlier.be\/?p=513#primaryimage","url":"https:\/\/gregoirecharlier.be\/wp-content\/uploads\/2025\/07\/484503085_1062541249236605_450119533917477275_n.jpg","contentUrl":"https:\/\/gregoirecharlier.be\/wp-content\/uploads\/2025\/07\/484503085_1062541249236605_450119533917477275_n.jpg","width":526,"height":275},{"@type":"BreadcrumbList","@id":"https:\/\/gregoirecharlier.be\/?p=513#breadcrumb","itemListElement":[{"@type":"ListItem","position":1,"name":"Accueil","item":"https:\/\/gregoirecharlier.be\/"},{"@type":"ListItem","position":2,"name":"Envol d&rsquo;artistes &#8211; Ao\u00fbt 2024"}]},{"@type":"WebSite","@id":"https:\/\/gregoirecharlier.be\/#website","url":"https:\/\/gregoirecharlier.be\/","name":"Gr\u00e9goire Charlier - GCStones - Sculpture, gravure et taille de pierre","description":"","publisher":{"@id":"https:\/\/gregoirecharlier.be\/#\/schema\/person\/aef19a7a961f4b27d00d2e33b6b92908"},"potentialAction":[{"@type":"SearchAction","target":{"@type":"EntryPoint","urlTemplate":"https:\/\/gregoirecharlier.be\/?s={search_term_string}"},"query-input":{"@type":"PropertyValueSpecification","valueRequired":true,"valueName":"search_term_string"}}],"inLanguage":"fr-FR"},{"@type":["Person","Organization"],"@id":"https:\/\/gregoirecharlier.be\/#\/schema\/person\/aef19a7a961f4b27d00d2e33b6b92908","name":"Gr\u00e9goire Charlier","image":{"@type":"ImageObject","inLanguage":"fr-FR","@id":"https:\/\/gregoirecharlier.be\/wp-content\/uploads\/2018\/04\/cropped-Greg2018_autocollant_400x300_corr.jpg","url":"https:\/\/gregoirecharlier.be\/wp-content\/uploads\/2018\/04\/cropped-Greg2018_autocollant_400x300_corr.jpg","contentUrl":"https:\/\/gregoirecharlier.be\/wp-content\/uploads\/2018\/04\/cropped-Greg2018_autocollant_400x300_corr.jpg","width":2000,"height":1500,"caption":"Gr\u00e9goire Charlier"},"logo":{"@id":"https:\/\/gregoirecharlier.be\/wp-content\/uploads\/2018\/04\/cropped-Greg2018_autocollant_400x300_corr.jpg"},"sameAs":["http:\/\/www.gregoirecharlier.be"],"url":"https:\/\/gregoirecharlier.be\/?author=1"}]}},"_links":{"self":[{"href":"https:\/\/gregoirecharlier.be\/index.php?rest_route=\/wp\/v2\/posts\/513","targetHints":{"allow":["GET"]}}],"collection":[{"href":"https:\/\/gregoirecharlier.be\/index.php?rest_route=\/wp\/v2\/posts"}],"about":[{"href":"https:\/\/gregoirecharlier.be\/index.php?rest_route=\/wp\/v2\/types\/post"}],"author":[{"embeddable":true,"href":"https:\/\/gregoirecharlier.be\/index.php?rest_route=\/wp\/v2\/users\/1"}],"replies":[{"embeddable":true,"href":"https:\/\/gregoirecharlier.be\/index.php?rest_route=%2Fwp%2Fv2%2Fcomments&post=513"}],"version-history":[{"count":1,"href":"https:\/\/gregoirecharlier.be\/index.php?rest_route=\/wp\/v2\/posts\/513\/revisions"}],"predecessor-version":[{"id":517,"href":"https:\/\/gregoirecharlier.be\/index.php?rest_route=\/wp\/v2\/posts\/513\/revisions\/517"}],"wp:featuredmedia":[{"embeddable":true,"href":"https:\/\/gregoirecharlier.be\/index.php?rest_route=\/wp\/v2\/media\/514"}],"wp:attachment":[{"href":"https:\/\/gregoirecharlier.be\/index.php?rest_route=%2Fwp%2Fv2%2Fmedia&parent=513"}],"wp:term":[{"taxonomy":"category","embeddable":true,"href":"https:\/\/gregoirecharlier.be\/index.php?rest_route=%2Fwp%2Fv2%2Fcategories&post=513"},{"taxonomy":"post_tag","embeddable":true,"href":"https:\/\/gregoirecharlier.be\/index.php?rest_route=%2Fwp%2Fv2%2Ftags&post=513"}],"curies":[{"name":"wp","href":"https:\/\/api.w.org\/{rel}","templated":true}]}}