{"id":465,"date":"2018-04-29T14:53:11","date_gmt":"2018-04-29T13:53:11","guid":{"rendered":"http:\/\/gregoirecharlier.be\/?p=465"},"modified":"2025-09-10T10:09:27","modified_gmt":"2025-09-10T09:09:27","slug":"les-montgolfiades-de-han-sur-lesse-edition-2018","status":"publish","type":"post","link":"https:\/\/gregoirecharlier.be\/?p=465","title":{"rendered":"Les montgolfiades de Han-sur-Lesse &#8211; Edition 2018"},"content":{"rendered":"\n<figure class=\"wp-block-image aligncenter size-full\"><a href=\"https:\/\/gregoirecharlier.be\/wp-content\/uploads\/2018\/04\/Flyer.jpg\"><img loading=\"lazy\" decoding=\"async\" width=\"600\" height=\"338\" src=\"https:\/\/gregoirecharlier.be\/wp-content\/uploads\/2018\/04\/Flyer.jpg\" alt=\"\" class=\"wp-image-452\" srcset=\"https:\/\/gregoirecharlier.be\/wp-content\/uploads\/2018\/04\/Flyer.jpg 600w, https:\/\/gregoirecharlier.be\/wp-content\/uploads\/2018\/04\/Flyer-300x169.jpg 300w\" sizes=\"auto, (max-width: 600px) 100vw, 600px\" \/><\/a><figcaption class=\"wp-element-caption\">Les montgolfiades de Han-sur-Lesse &#8211; \u00e9dition 2018<\/figcaption><\/figure>\n\n\n\n<p>J&rsquo;exposerai une partie de mon travail sur le march\u00e9 artisanal qui se tiendra lors des montgolfiades de Han-sur-Lesse du 10 au 13 mai. Si vous \u00eates dans le coin passez me voir \ud83d\ude09<\/p>\n","protected":false},"excerpt":{"rendered":"<p>J&rsquo;exposerai une partie de mon travail sur le march\u00e9 artisanal qui se tiendra lors des montgolfiades de Han-sur-Lesse du 10 [&hellip;]<\/p>\n","protected":false},"author":1,"featured_media":452,"comment_status":"open","ping_status":"closed","sticky":false,"template":"","format":"standard","meta":{"site-sidebar-layout":"default","site-content-layout":"","ast-site-content-layout":"default","site-content-style":"default","site-sidebar-style":"default","ast-global-header-display":"","ast-banner-title-visibility":"","ast-main-header-display":"","ast-hfb-above-header-display":"","ast-hfb-below-header-display":"","ast-hfb-mobile-header-display":"","site-post-title":"","ast-breadcrumbs-content":"","ast-featured-img":"","footer-sml-layout":"","theme-transparent-header-meta":"","adv-header-id-meta":"","stick-header-meta":"","header-above-stick-meta":"","header-main-stick-meta":"","header-below-stick-meta":"","astra-migrate-meta-layouts":"default","ast-page-background-enabled":"default","ast-page-background-meta":{"desktop":{"background-color":"var(--ast-global-color-5)","background-image":"","background-repeat":"repeat","background-position":"center center","background-size":"auto","background-attachment":"scroll","background-type":"","background-media":"","overlay-type":"","overlay-color":"","overlay-opacity":"","overlay-gradient":""},"tablet":{"background-color":"","background-image":"","background-repeat":"repeat","background-position":"center center","background-size":"auto","background-attachment":"scroll","background-type":"","background-media":"","overlay-type":"","overlay-color":"","overlay-opacity":"","overlay-gradient":""},"mobile":{"background-color":"","background-image":"","background-repeat":"repeat","background-position":"center center","background-size":"auto","background-attachment":"scroll","background-type":"","background-media":"","overlay-type":"","overlay-color":"","overlay-opacity":"","overlay-gradient":""}},"ast-content-background-meta":{"desktop":{"background-color":"var(--ast-global-color-4)","background-image":"","background-repeat":"repeat","background-position":"center center","background-size":"auto","background-attachment":"scroll","background-type":"","background-media":"","overlay-type":"","overlay-color":"","overlay-opacity":"","overlay-gradient":""},"tablet":{"background-color":"var(--ast-global-color-4)","background-image":"","background-repeat":"repeat","background-position":"center center","background-size":"auto","background-attachment":"scroll","background-type":"","background-media":"","overlay-type":"","overlay-color":"","overlay-opacity":"","overlay-gradient":""},"mobile":{"background-color":"var(--ast-global-color-4)","background-image":"","background-repeat":"repeat","background-position":"center center","background-size":"auto","background-attachment":"scroll","background-type":"","background-media":"","overlay-type":"","overlay-color":"","overlay-opacity":"","overlay-gradient":""}},"footnotes":""},"categories":[4],"tags":[],"class_list":["post-465","post","type-post","status-publish","format-standard","has-post-thumbnail","hentry","category-annonces"],"yoast_head":"<!-- This site is optimized with the Yoast SEO plugin v27.5 - https:\/\/yoast.com\/product\/yoast-seo-wordpress\/ -->\n<title>Les montgolfiades de Han-sur-Lesse - Edition 2018 - Gr\u00e9goire Charlier<\/title>\n<meta name=\"robots\" content=\"index, follow, max-snippet:-1, max-image-preview:large, max-video-preview:-1\" \/>\n<link rel=\"canonical\" href=\"https:\/\/gregoirecharlier.be\/?p=465\" \/>\n<meta property=\"og:locale\" content=\"fr_FR\" \/>\n<meta property=\"og:type\" content=\"article\" \/>\n<meta property=\"og:title\" content=\"Les montgolfiades de Han-sur-Lesse - Edition 2018 - Gr\u00e9goire Charlier\" \/>\n<meta property=\"og:description\" content=\"J&rsquo;exposerai une partie de mon travail sur le march\u00e9 artisanal qui se tiendra lors des montgolfiades de Han-sur-Lesse du 10 [&hellip;]\" \/>\n<meta property=\"og:url\" content=\"https:\/\/gregoirecharlier.be\/?p=465\" \/>\n<meta property=\"og:site_name\" content=\"Gr\u00e9goire Charlier\" \/>\n<meta property=\"article:published_time\" content=\"2018-04-29T13:53:11+00:00\" \/>\n<meta property=\"article:modified_time\" content=\"2025-09-10T09:09:27+00:00\" \/>\n<meta property=\"og:image\" content=\"https:\/\/gregoirecharlier.be\/wp-content\/uploads\/2018\/04\/Flyer.jpg\" \/>\n\t<meta property=\"og:image:width\" content=\"600\" \/>\n\t<meta property=\"og:image:height\" content=\"338\" \/>\n\t<meta property=\"og:image:type\" content=\"image\/jpeg\" \/>\n<meta name=\"author\" content=\"Gr\u00e9goire Charlier\" \/>\n<meta name=\"twitter:card\" content=\"summary_large_image\" \/>\n<meta name=\"twitter:label1\" content=\"\u00c9crit par\" \/>\n\t<meta name=\"twitter:data1\" content=\"Gr\u00e9goire Charlier\" \/>\n\t<meta name=\"twitter:label2\" content=\"Dur\u00e9e de lecture estim\u00e9e\" \/>\n\t<meta name=\"twitter:data2\" content=\"1 minute\" \/>\n<script type=\"application\/ld+json\" class=\"yoast-schema-graph\">{\"@context\":\"https:\\\/\\\/schema.org\",\"@graph\":[{\"@type\":\"Article\",\"@id\":\"https:\\\/\\\/gregoirecharlier.be\\\/?p=465#article\",\"isPartOf\":{\"@id\":\"https:\\\/\\\/gregoirecharlier.be\\\/?p=465\"},\"author\":{\"name\":\"Gr\u00e9goire Charlier\",\"@id\":\"https:\\\/\\\/gregoirecharlier.be\\\/#\\\/schema\\\/person\\\/aef19a7a961f4b27d00d2e33b6b92908\"},\"headline\":\"Les montgolfiades de Han-sur-Lesse &#8211; Edition 2018\",\"datePublished\":\"2018-04-29T13:53:11+00:00\",\"dateModified\":\"2025-09-10T09:09:27+00:00\",\"mainEntityOfPage\":{\"@id\":\"https:\\\/\\\/gregoirecharlier.be\\\/?p=465\"},\"wordCount\":44,\"commentCount\":0,\"publisher\":{\"@id\":\"https:\\\/\\\/gregoirecharlier.be\\\/#\\\/schema\\\/person\\\/aef19a7a961f4b27d00d2e33b6b92908\"},\"image\":{\"@id\":\"https:\\\/\\\/gregoirecharlier.be\\\/?p=465#primaryimage\"},\"thumbnailUrl\":\"https:\\\/\\\/gregoirecharlier.be\\\/wp-content\\\/uploads\\\/2018\\\/04\\\/Flyer.jpg\",\"articleSection\":[\"Annonces\"],\"inLanguage\":\"fr-FR\",\"potentialAction\":[{\"@type\":\"CommentAction\",\"name\":\"Comment\",\"target\":[\"https:\\\/\\\/gregoirecharlier.be\\\/?p=465#respond\"]}]},{\"@type\":\"WebPage\",\"@id\":\"https:\\\/\\\/gregoirecharlier.be\\\/?p=465\",\"url\":\"https:\\\/\\\/gregoirecharlier.be\\\/?p=465\",\"name\":\"Les montgolfiades de Han-sur-Lesse - Edition 2018 - Gr\u00e9goire Charlier\",\"isPartOf\":{\"@id\":\"https:\\\/\\\/gregoirecharlier.be\\\/#website\"},\"primaryImageOfPage\":{\"@id\":\"https:\\\/\\\/gregoirecharlier.be\\\/?p=465#primaryimage\"},\"image\":{\"@id\":\"https:\\\/\\\/gregoirecharlier.be\\\/?p=465#primaryimage\"},\"thumbnailUrl\":\"https:\\\/\\\/gregoirecharlier.be\\\/wp-content\\\/uploads\\\/2018\\\/04\\\/Flyer.jpg\",\"datePublished\":\"2018-04-29T13:53:11+00:00\",\"dateModified\":\"2025-09-10T09:09:27+00:00\",\"breadcrumb\":{\"@id\":\"https:\\\/\\\/gregoirecharlier.be\\\/?p=465#breadcrumb\"},\"inLanguage\":\"fr-FR\",\"potentialAction\":[{\"@type\":\"ReadAction\",\"target\":[\"https:\\\/\\\/gregoirecharlier.be\\\/?p=465\"]}]},{\"@type\":\"ImageObject\",\"inLanguage\":\"fr-FR\",\"@id\":\"https:\\\/\\\/gregoirecharlier.be\\\/?p=465#primaryimage\",\"url\":\"https:\\\/\\\/gregoirecharlier.be\\\/wp-content\\\/uploads\\\/2018\\\/04\\\/Flyer.jpg\",\"contentUrl\":\"https:\\\/\\\/gregoirecharlier.be\\\/wp-content\\\/uploads\\\/2018\\\/04\\\/Flyer.jpg\",\"width\":600,\"height\":338,\"caption\":\"Les montgolfiades de Han-sur-Lesse - \u00e9dition 2018\"},{\"@type\":\"BreadcrumbList\",\"@id\":\"https:\\\/\\\/gregoirecharlier.be\\\/?p=465#breadcrumb\",\"itemListElement\":[{\"@type\":\"ListItem\",\"position\":1,\"name\":\"Accueil\",\"item\":\"https:\\\/\\\/gregoirecharlier.be\\\/\"},{\"@type\":\"ListItem\",\"position\":2,\"name\":\"Les montgolfiades de Han-sur-Lesse &#8211; Edition 2018\"}]},{\"@type\":\"WebSite\",\"@id\":\"https:\\\/\\\/gregoirecharlier.be\\\/#website\",\"url\":\"https:\\\/\\\/gregoirecharlier.be\\\/\",\"name\":\"Gr\u00e9goire Charlier - GCStones - Sculpture, gravure et taille de pierre\",\"description\":\"\",\"publisher\":{\"@id\":\"https:\\\/\\\/gregoirecharlier.be\\\/#\\\/schema\\\/person\\\/aef19a7a961f4b27d00d2e33b6b92908\"},\"potentialAction\":[{\"@type\":\"SearchAction\",\"target\":{\"@type\":\"EntryPoint\",\"urlTemplate\":\"https:\\\/\\\/gregoirecharlier.be\\\/?s={search_term_string}\"},\"query-input\":{\"@type\":\"PropertyValueSpecification\",\"valueRequired\":true,\"valueName\":\"search_term_string\"}}],\"inLanguage\":\"fr-FR\"},{\"@type\":[\"Person\",\"Organization\"],\"@id\":\"https:\\\/\\\/gregoirecharlier.be\\\/#\\\/schema\\\/person\\\/aef19a7a961f4b27d00d2e33b6b92908\",\"name\":\"Gr\u00e9goire Charlier\",\"image\":{\"@type\":\"ImageObject\",\"inLanguage\":\"fr-FR\",\"@id\":\"https:\\\/\\\/gregoirecharlier.be\\\/wp-content\\\/uploads\\\/2018\\\/04\\\/cropped-Greg2018_autocollant_400x300_corr.jpg\",\"url\":\"https:\\\/\\\/gregoirecharlier.be\\\/wp-content\\\/uploads\\\/2018\\\/04\\\/cropped-Greg2018_autocollant_400x300_corr.jpg\",\"contentUrl\":\"https:\\\/\\\/gregoirecharlier.be\\\/wp-content\\\/uploads\\\/2018\\\/04\\\/cropped-Greg2018_autocollant_400x300_corr.jpg\",\"width\":2000,\"height\":1500,\"caption\":\"Gr\u00e9goire Charlier\"},\"logo\":{\"@id\":\"https:\\\/\\\/gregoirecharlier.be\\\/wp-content\\\/uploads\\\/2018\\\/04\\\/cropped-Greg2018_autocollant_400x300_corr.jpg\"},\"sameAs\":[\"http:\\\/\\\/www.gregoirecharlier.be\"],\"url\":\"https:\\\/\\\/gregoirecharlier.be\\\/?author=1\"}]}<\/script>\n<!-- \/ Yoast SEO plugin. -->","yoast_head_json":{"title":"Les montgolfiades de Han-sur-Lesse - Edition 2018 - Gr\u00e9goire Charlier","robots":{"index":"index","follow":"follow","max-snippet":"max-snippet:-1","max-image-preview":"max-image-preview:large","max-video-preview":"max-video-preview:-1"},"canonical":"https:\/\/gregoirecharlier.be\/?p=465","og_locale":"fr_FR","og_type":"article","og_title":"Les montgolfiades de Han-sur-Lesse - Edition 2018 - Gr\u00e9goire Charlier","og_description":"J&rsquo;exposerai une partie de mon travail sur le march\u00e9 artisanal qui se tiendra lors des montgolfiades de Han-sur-Lesse du 10 [&hellip;]","og_url":"https:\/\/gregoirecharlier.be\/?p=465","og_site_name":"Gr\u00e9goire Charlier","article_published_time":"2018-04-29T13:53:11+00:00","article_modified_time":"2025-09-10T09:09:27+00:00","og_image":[{"width":600,"height":338,"url":"https:\/\/gregoirecharlier.be\/wp-content\/uploads\/2018\/04\/Flyer.jpg","type":"image\/jpeg"}],"author":"Gr\u00e9goire Charlier","twitter_card":"summary_large_image","twitter_misc":{"\u00c9crit par":"Gr\u00e9goire Charlier","Dur\u00e9e de lecture estim\u00e9e":"1 minute"},"schema":{"@context":"https:\/\/schema.org","@graph":[{"@type":"Article","@id":"https:\/\/gregoirecharlier.be\/?p=465#article","isPartOf":{"@id":"https:\/\/gregoirecharlier.be\/?p=465"},"author":{"name":"Gr\u00e9goire Charlier","@id":"https:\/\/gregoirecharlier.be\/#\/schema\/person\/aef19a7a961f4b27d00d2e33b6b92908"},"headline":"Les montgolfiades de Han-sur-Lesse &#8211; Edition 2018","datePublished":"2018-04-29T13:53:11+00:00","dateModified":"2025-09-10T09:09:27+00:00","mainEntityOfPage":{"@id":"https:\/\/gregoirecharlier.be\/?p=465"},"wordCount":44,"commentCount":0,"publisher":{"@id":"https:\/\/gregoirecharlier.be\/#\/schema\/person\/aef19a7a961f4b27d00d2e33b6b92908"},"image":{"@id":"https:\/\/gregoirecharlier.be\/?p=465#primaryimage"},"thumbnailUrl":"https:\/\/gregoirecharlier.be\/wp-content\/uploads\/2018\/04\/Flyer.jpg","articleSection":["Annonces"],"inLanguage":"fr-FR","potentialAction":[{"@type":"CommentAction","name":"Comment","target":["https:\/\/gregoirecharlier.be\/?p=465#respond"]}]},{"@type":"WebPage","@id":"https:\/\/gregoirecharlier.be\/?p=465","url":"https:\/\/gregoirecharlier.be\/?p=465","name":"Les montgolfiades de Han-sur-Lesse - Edition 2018 - Gr\u00e9goire Charlier","isPartOf":{"@id":"https:\/\/gregoirecharlier.be\/#website"},"primaryImageOfPage":{"@id":"https:\/\/gregoirecharlier.be\/?p=465#primaryimage"},"image":{"@id":"https:\/\/gregoirecharlier.be\/?p=465#primaryimage"},"thumbnailUrl":"https:\/\/gregoirecharlier.be\/wp-content\/uploads\/2018\/04\/Flyer.jpg","datePublished":"2018-04-29T13:53:11+00:00","dateModified":"2025-09-10T09:09:27+00:00","breadcrumb":{"@id":"https:\/\/gregoirecharlier.be\/?p=465#breadcrumb"},"inLanguage":"fr-FR","potentialAction":[{"@type":"ReadAction","target":["https:\/\/gregoirecharlier.be\/?p=465"]}]},{"@type":"ImageObject","inLanguage":"fr-FR","@id":"https:\/\/gregoirecharlier.be\/?p=465#primaryimage","url":"https:\/\/gregoirecharlier.be\/wp-content\/uploads\/2018\/04\/Flyer.jpg","contentUrl":"https:\/\/gregoirecharlier.be\/wp-content\/uploads\/2018\/04\/Flyer.jpg","width":600,"height":338,"caption":"Les montgolfiades de Han-sur-Lesse - \u00e9dition 2018"},{"@type":"BreadcrumbList","@id":"https:\/\/gregoirecharlier.be\/?p=465#breadcrumb","itemListElement":[{"@type":"ListItem","position":1,"name":"Accueil","item":"https:\/\/gregoirecharlier.be\/"},{"@type":"ListItem","position":2,"name":"Les montgolfiades de Han-sur-Lesse &#8211; Edition 2018"}]},{"@type":"WebSite","@id":"https:\/\/gregoirecharlier.be\/#website","url":"https:\/\/gregoirecharlier.be\/","name":"Gr\u00e9goire Charlier - GCStones - Sculpture, gravure et taille de pierre","description":"","publisher":{"@id":"https:\/\/gregoirecharlier.be\/#\/schema\/person\/aef19a7a961f4b27d00d2e33b6b92908"},"potentialAction":[{"@type":"SearchAction","target":{"@type":"EntryPoint","urlTemplate":"https:\/\/gregoirecharlier.be\/?s={search_term_string}"},"query-input":{"@type":"PropertyValueSpecification","valueRequired":true,"valueName":"search_term_string"}}],"inLanguage":"fr-FR"},{"@type":["Person","Organization"],"@id":"https:\/\/gregoirecharlier.be\/#\/schema\/person\/aef19a7a961f4b27d00d2e33b6b92908","name":"Gr\u00e9goire Charlier","image":{"@type":"ImageObject","inLanguage":"fr-FR","@id":"https:\/\/gregoirecharlier.be\/wp-content\/uploads\/2018\/04\/cropped-Greg2018_autocollant_400x300_corr.jpg","url":"https:\/\/gregoirecharlier.be\/wp-content\/uploads\/2018\/04\/cropped-Greg2018_autocollant_400x300_corr.jpg","contentUrl":"https:\/\/gregoirecharlier.be\/wp-content\/uploads\/2018\/04\/cropped-Greg2018_autocollant_400x300_corr.jpg","width":2000,"height":1500,"caption":"Gr\u00e9goire Charlier"},"logo":{"@id":"https:\/\/gregoirecharlier.be\/wp-content\/uploads\/2018\/04\/cropped-Greg2018_autocollant_400x300_corr.jpg"},"sameAs":["http:\/\/www.gregoirecharlier.be"],"url":"https:\/\/gregoirecharlier.be\/?author=1"}]}},"_links":{"self":[{"href":"https:\/\/gregoirecharlier.be\/index.php?rest_route=\/wp\/v2\/posts\/465","targetHints":{"allow":["GET"]}}],"collection":[{"href":"https:\/\/gregoirecharlier.be\/index.php?rest_route=\/wp\/v2\/posts"}],"about":[{"href":"https:\/\/gregoirecharlier.be\/index.php?rest_route=\/wp\/v2\/types\/post"}],"author":[{"embeddable":true,"href":"https:\/\/gregoirecharlier.be\/index.php?rest_route=\/wp\/v2\/users\/1"}],"replies":[{"embeddable":true,"href":"https:\/\/gregoirecharlier.be\/index.php?rest_route=%2Fwp%2Fv2%2Fcomments&post=465"}],"version-history":[{"count":5,"href":"https:\/\/gregoirecharlier.be\/index.php?rest_route=\/wp\/v2\/posts\/465\/revisions"}],"predecessor-version":[{"id":607,"href":"https:\/\/gregoirecharlier.be\/index.php?rest_route=\/wp\/v2\/posts\/465\/revisions\/607"}],"wp:featuredmedia":[{"embeddable":true,"href":"https:\/\/gregoirecharlier.be\/index.php?rest_route=\/wp\/v2\/media\/452"}],"wp:attachment":[{"href":"https:\/\/gregoirecharlier.be\/index.php?rest_route=%2Fwp%2Fv2%2Fmedia&parent=465"}],"wp:term":[{"taxonomy":"category","embeddable":true,"href":"https:\/\/gregoirecharlier.be\/index.php?rest_route=%2Fwp%2Fv2%2Fcategories&post=465"},{"taxonomy":"post_tag","embeddable":true,"href":"https:\/\/gregoirecharlier.be\/index.php?rest_route=%2Fwp%2Fv2%2Ftags&post=465"}],"curies":[{"name":"wp","href":"https:\/\/api.w.org\/{rel}","templated":true}]}}