{"id":199,"date":"2014-03-22T02:24:54","date_gmt":"2014-03-22T01:24:54","guid":{"rendered":"http:\/\/gregoirecharlier.be\/?p=199"},"modified":"2025-07-08T10:57:06","modified_gmt":"2025-07-08T09:57:06","slug":"vernissage-et-expo-a-tilly-avril-a-juillet-2014","status":"publish","type":"post","link":"https:\/\/gregoirecharlier.be\/?p=199","title":{"rendered":"Vernissage et expo \u00e0 Tilly &#8211; Avril \u00e0 juillet 2014"},"content":{"rendered":"<p>Voici l&rsquo;affiche officielle pour l&rsquo;expo qui aura lieu d&rsquo;avril \u00e0 juillet de cette ann\u00e9e, une nouvelle page sera cr\u00e9e sur le site \u00e0 l&rsquo;occasion du vernissage&#8230;<\/p>\n<p><a href=\"https:\/\/gregoirecharlier.be\/wp-content\/uploads\/2014\/03\/Expo-avril.jpg\"><img loading=\"lazy\" decoding=\"async\" class=\"alignnone size-medium wp-image-198\" alt=\"Expo avril\" src=\"https:\/\/gregoirecharlier.be\/wp-content\/uploads\/2014\/03\/Expo-avril-212x300.jpg\" width=\"212\" height=\"300\" srcset=\"https:\/\/gregoirecharlier.be\/wp-content\/uploads\/2014\/03\/Expo-avril-212x300.jpg 212w, https:\/\/gregoirecharlier.be\/wp-content\/uploads\/2014\/03\/Expo-avril.jpg 424w\" sizes=\"auto, (max-width: 212px) 100vw, 212px\" \/><\/a><\/p>\n","protected":false},"excerpt":{"rendered":"<p>Voici l&rsquo;affiche officielle pour l&rsquo;expo qui aura lieu d&rsquo;avril \u00e0 juillet de cette ann\u00e9e, une nouvelle page sera cr\u00e9e sur [&hellip;]<\/p>\n","protected":false},"author":1,"featured_media":0,"comment_status":"closed","ping_status":"closed","sticky":false,"template":"","format":"standard","meta":{"site-sidebar-layout":"default","site-content-layout":"","ast-site-content-layout":"default","site-content-style":"default","site-sidebar-style":"default","ast-global-header-display":"","ast-banner-title-visibility":"","ast-main-header-display":"","ast-hfb-above-header-display":"","ast-hfb-below-header-display":"","ast-hfb-mobile-header-display":"","site-post-title":"","ast-breadcrumbs-content":"","ast-featured-img":"","footer-sml-layout":"","theme-transparent-header-meta":"","adv-header-id-meta":"","stick-header-meta":"","header-above-stick-meta":"","header-main-stick-meta":"","header-below-stick-meta":"","astra-migrate-meta-layouts":"default","ast-page-background-enabled":"default","ast-page-background-meta":{"desktop":{"background-color":"var(--ast-global-color-5)","background-image":"","background-repeat":"repeat","background-position":"center center","background-size":"auto","background-attachment":"scroll","background-type":"","background-media":"","overlay-type":"","overlay-color":"","overlay-opacity":"","overlay-gradient":""},"tablet":{"background-color":"","background-image":"","background-repeat":"repeat","background-position":"center center","background-size":"auto","background-attachment":"scroll","background-type":"","background-media":"","overlay-type":"","overlay-color":"","overlay-opacity":"","overlay-gradient":""},"mobile":{"background-color":"","background-image":"","background-repeat":"repeat","background-position":"center center","background-size":"auto","background-attachment":"scroll","background-type":"","background-media":"","overlay-type":"","overlay-color":"","overlay-opacity":"","overlay-gradient":""}},"ast-content-background-meta":{"desktop":{"background-color":"var(--ast-global-color-4)","background-image":"","background-repeat":"repeat","background-position":"center center","background-size":"auto","background-attachment":"scroll","background-type":"","background-media":"","overlay-type":"","overlay-color":"","overlay-opacity":"","overlay-gradient":""},"tablet":{"background-color":"var(--ast-global-color-4)","background-image":"","background-repeat":"repeat","background-position":"center center","background-size":"auto","background-attachment":"scroll","background-type":"","background-media":"","overlay-type":"","overlay-color":"","overlay-opacity":"","overlay-gradient":""},"mobile":{"background-color":"var(--ast-global-color-4)","background-image":"","background-repeat":"repeat","background-position":"center center","background-size":"auto","background-attachment":"scroll","background-type":"","background-media":"","overlay-type":"","overlay-color":"","overlay-opacity":"","overlay-gradient":""}},"footnotes":""},"categories":[4],"tags":[],"class_list":["post-199","post","type-post","status-publish","format-standard","hentry","category-annonces"],"yoast_head":"<!-- This site is optimized with the Yoast SEO plugin v27.5 - https:\/\/yoast.com\/product\/yoast-seo-wordpress\/ -->\n<title>Vernissage et expo \u00e0 Tilly - Avril \u00e0 juillet 2014 - Gr\u00e9goire Charlier<\/title>\n<meta name=\"robots\" content=\"index, follow, max-snippet:-1, max-image-preview:large, max-video-preview:-1\" \/>\n<link rel=\"canonical\" href=\"https:\/\/gregoirecharlier.be\/?p=199\" \/>\n<meta property=\"og:locale\" content=\"fr_FR\" \/>\n<meta property=\"og:type\" content=\"article\" \/>\n<meta property=\"og:title\" content=\"Vernissage et expo \u00e0 Tilly - Avril \u00e0 juillet 2014 - Gr\u00e9goire Charlier\" \/>\n<meta property=\"og:description\" content=\"Voici l&rsquo;affiche officielle pour l&rsquo;expo qui aura lieu d&rsquo;avril \u00e0 juillet de cette ann\u00e9e, une nouvelle page sera cr\u00e9e sur [&hellip;]\" \/>\n<meta property=\"og:url\" content=\"https:\/\/gregoirecharlier.be\/?p=199\" \/>\n<meta property=\"og:site_name\" content=\"Gr\u00e9goire Charlier\" \/>\n<meta property=\"article:published_time\" content=\"2014-03-22T01:24:54+00:00\" \/>\n<meta property=\"article:modified_time\" content=\"2025-07-08T09:57:06+00:00\" \/>\n<meta property=\"og:image\" content=\"http:\/\/gregoirecharlier.be\/wp-content\/uploads\/2014\/03\/Expo-avril-212x300.jpg\" \/>\n<meta name=\"author\" content=\"Gr\u00e9goire Charlier\" \/>\n<meta name=\"twitter:card\" content=\"summary_large_image\" \/>\n<meta name=\"twitter:label1\" content=\"\u00c9crit par\" \/>\n\t<meta name=\"twitter:data1\" content=\"Gr\u00e9goire Charlier\" \/>\n<script type=\"application\/ld+json\" class=\"yoast-schema-graph\">{\"@context\":\"https:\\\/\\\/schema.org\",\"@graph\":[{\"@type\":\"Article\",\"@id\":\"https:\\\/\\\/gregoirecharlier.be\\\/?p=199#article\",\"isPartOf\":{\"@id\":\"https:\\\/\\\/gregoirecharlier.be\\\/?p=199\"},\"author\":{\"name\":\"Gr\u00e9goire Charlier\",\"@id\":\"https:\\\/\\\/gregoirecharlier.be\\\/#\\\/schema\\\/person\\\/aef19a7a961f4b27d00d2e33b6b92908\"},\"headline\":\"Vernissage et expo \u00e0 Tilly &#8211; Avril \u00e0 juillet 2014\",\"datePublished\":\"2014-03-22T01:24:54+00:00\",\"dateModified\":\"2025-07-08T09:57:06+00:00\",\"mainEntityOfPage\":{\"@id\":\"https:\\\/\\\/gregoirecharlier.be\\\/?p=199\"},\"wordCount\":37,\"publisher\":{\"@id\":\"https:\\\/\\\/gregoirecharlier.be\\\/#\\\/schema\\\/person\\\/aef19a7a961f4b27d00d2e33b6b92908\"},\"image\":{\"@id\":\"https:\\\/\\\/gregoirecharlier.be\\\/?p=199#primaryimage\"},\"thumbnailUrl\":\"http:\\\/\\\/gregoirecharlier.be\\\/wp-content\\\/uploads\\\/2014\\\/03\\\/Expo-avril-212x300.jpg\",\"articleSection\":[\"Annonces\"],\"inLanguage\":\"fr-FR\"},{\"@type\":\"WebPage\",\"@id\":\"https:\\\/\\\/gregoirecharlier.be\\\/?p=199\",\"url\":\"https:\\\/\\\/gregoirecharlier.be\\\/?p=199\",\"name\":\"Vernissage et expo \u00e0 Tilly - Avril \u00e0 juillet 2014 - Gr\u00e9goire Charlier\",\"isPartOf\":{\"@id\":\"https:\\\/\\\/gregoirecharlier.be\\\/#website\"},\"primaryImageOfPage\":{\"@id\":\"https:\\\/\\\/gregoirecharlier.be\\\/?p=199#primaryimage\"},\"image\":{\"@id\":\"https:\\\/\\\/gregoirecharlier.be\\\/?p=199#primaryimage\"},\"thumbnailUrl\":\"http:\\\/\\\/gregoirecharlier.be\\\/wp-content\\\/uploads\\\/2014\\\/03\\\/Expo-avril-212x300.jpg\",\"datePublished\":\"2014-03-22T01:24:54+00:00\",\"dateModified\":\"2025-07-08T09:57:06+00:00\",\"breadcrumb\":{\"@id\":\"https:\\\/\\\/gregoirecharlier.be\\\/?p=199#breadcrumb\"},\"inLanguage\":\"fr-FR\",\"potentialAction\":[{\"@type\":\"ReadAction\",\"target\":[\"https:\\\/\\\/gregoirecharlier.be\\\/?p=199\"]}]},{\"@type\":\"ImageObject\",\"inLanguage\":\"fr-FR\",\"@id\":\"https:\\\/\\\/gregoirecharlier.be\\\/?p=199#primaryimage\",\"url\":\"http:\\\/\\\/gregoirecharlier.be\\\/wp-content\\\/uploads\\\/2014\\\/03\\\/Expo-avril-212x300.jpg\",\"contentUrl\":\"http:\\\/\\\/gregoirecharlier.be\\\/wp-content\\\/uploads\\\/2014\\\/03\\\/Expo-avril-212x300.jpg\"},{\"@type\":\"BreadcrumbList\",\"@id\":\"https:\\\/\\\/gregoirecharlier.be\\\/?p=199#breadcrumb\",\"itemListElement\":[{\"@type\":\"ListItem\",\"position\":1,\"name\":\"Accueil\",\"item\":\"https:\\\/\\\/gregoirecharlier.be\\\/\"},{\"@type\":\"ListItem\",\"position\":2,\"name\":\"Vernissage et expo \u00e0 Tilly &#8211; Avril \u00e0 juillet 2014\"}]},{\"@type\":\"WebSite\",\"@id\":\"https:\\\/\\\/gregoirecharlier.be\\\/#website\",\"url\":\"https:\\\/\\\/gregoirecharlier.be\\\/\",\"name\":\"Gr\u00e9goire Charlier - GCStones - Sculpture, gravure et taille de pierre\",\"description\":\"\",\"publisher\":{\"@id\":\"https:\\\/\\\/gregoirecharlier.be\\\/#\\\/schema\\\/person\\\/aef19a7a961f4b27d00d2e33b6b92908\"},\"potentialAction\":[{\"@type\":\"SearchAction\",\"target\":{\"@type\":\"EntryPoint\",\"urlTemplate\":\"https:\\\/\\\/gregoirecharlier.be\\\/?s={search_term_string}\"},\"query-input\":{\"@type\":\"PropertyValueSpecification\",\"valueRequired\":true,\"valueName\":\"search_term_string\"}}],\"inLanguage\":\"fr-FR\"},{\"@type\":[\"Person\",\"Organization\"],\"@id\":\"https:\\\/\\\/gregoirecharlier.be\\\/#\\\/schema\\\/person\\\/aef19a7a961f4b27d00d2e33b6b92908\",\"name\":\"Gr\u00e9goire Charlier\",\"image\":{\"@type\":\"ImageObject\",\"inLanguage\":\"fr-FR\",\"@id\":\"https:\\\/\\\/gregoirecharlier.be\\\/wp-content\\\/uploads\\\/2018\\\/04\\\/cropped-Greg2018_autocollant_400x300_corr.jpg\",\"url\":\"https:\\\/\\\/gregoirecharlier.be\\\/wp-content\\\/uploads\\\/2018\\\/04\\\/cropped-Greg2018_autocollant_400x300_corr.jpg\",\"contentUrl\":\"https:\\\/\\\/gregoirecharlier.be\\\/wp-content\\\/uploads\\\/2018\\\/04\\\/cropped-Greg2018_autocollant_400x300_corr.jpg\",\"width\":2000,\"height\":1500,\"caption\":\"Gr\u00e9goire Charlier\"},\"logo\":{\"@id\":\"https:\\\/\\\/gregoirecharlier.be\\\/wp-content\\\/uploads\\\/2018\\\/04\\\/cropped-Greg2018_autocollant_400x300_corr.jpg\"},\"sameAs\":[\"http:\\\/\\\/www.gregoirecharlier.be\"],\"url\":\"https:\\\/\\\/gregoirecharlier.be\\\/?author=1\"}]}<\/script>\n<!-- \/ Yoast SEO plugin. -->","yoast_head_json":{"title":"Vernissage et expo \u00e0 Tilly - Avril \u00e0 juillet 2014 - Gr\u00e9goire Charlier","robots":{"index":"index","follow":"follow","max-snippet":"max-snippet:-1","max-image-preview":"max-image-preview:large","max-video-preview":"max-video-preview:-1"},"canonical":"https:\/\/gregoirecharlier.be\/?p=199","og_locale":"fr_FR","og_type":"article","og_title":"Vernissage et expo \u00e0 Tilly - Avril \u00e0 juillet 2014 - Gr\u00e9goire Charlier","og_description":"Voici l&rsquo;affiche officielle pour l&rsquo;expo qui aura lieu d&rsquo;avril \u00e0 juillet de cette ann\u00e9e, une nouvelle page sera cr\u00e9e sur [&hellip;]","og_url":"https:\/\/gregoirecharlier.be\/?p=199","og_site_name":"Gr\u00e9goire Charlier","article_published_time":"2014-03-22T01:24:54+00:00","article_modified_time":"2025-07-08T09:57:06+00:00","og_image":[{"url":"http:\/\/gregoirecharlier.be\/wp-content\/uploads\/2014\/03\/Expo-avril-212x300.jpg","type":"","width":"","height":""}],"author":"Gr\u00e9goire Charlier","twitter_card":"summary_large_image","twitter_misc":{"\u00c9crit par":"Gr\u00e9goire Charlier"},"schema":{"@context":"https:\/\/schema.org","@graph":[{"@type":"Article","@id":"https:\/\/gregoirecharlier.be\/?p=199#article","isPartOf":{"@id":"https:\/\/gregoirecharlier.be\/?p=199"},"author":{"name":"Gr\u00e9goire Charlier","@id":"https:\/\/gregoirecharlier.be\/#\/schema\/person\/aef19a7a961f4b27d00d2e33b6b92908"},"headline":"Vernissage et expo \u00e0 Tilly &#8211; Avril \u00e0 juillet 2014","datePublished":"2014-03-22T01:24:54+00:00","dateModified":"2025-07-08T09:57:06+00:00","mainEntityOfPage":{"@id":"https:\/\/gregoirecharlier.be\/?p=199"},"wordCount":37,"publisher":{"@id":"https:\/\/gregoirecharlier.be\/#\/schema\/person\/aef19a7a961f4b27d00d2e33b6b92908"},"image":{"@id":"https:\/\/gregoirecharlier.be\/?p=199#primaryimage"},"thumbnailUrl":"http:\/\/gregoirecharlier.be\/wp-content\/uploads\/2014\/03\/Expo-avril-212x300.jpg","articleSection":["Annonces"],"inLanguage":"fr-FR"},{"@type":"WebPage","@id":"https:\/\/gregoirecharlier.be\/?p=199","url":"https:\/\/gregoirecharlier.be\/?p=199","name":"Vernissage et expo \u00e0 Tilly - Avril \u00e0 juillet 2014 - Gr\u00e9goire Charlier","isPartOf":{"@id":"https:\/\/gregoirecharlier.be\/#website"},"primaryImageOfPage":{"@id":"https:\/\/gregoirecharlier.be\/?p=199#primaryimage"},"image":{"@id":"https:\/\/gregoirecharlier.be\/?p=199#primaryimage"},"thumbnailUrl":"http:\/\/gregoirecharlier.be\/wp-content\/uploads\/2014\/03\/Expo-avril-212x300.jpg","datePublished":"2014-03-22T01:24:54+00:00","dateModified":"2025-07-08T09:57:06+00:00","breadcrumb":{"@id":"https:\/\/gregoirecharlier.be\/?p=199#breadcrumb"},"inLanguage":"fr-FR","potentialAction":[{"@type":"ReadAction","target":["https:\/\/gregoirecharlier.be\/?p=199"]}]},{"@type":"ImageObject","inLanguage":"fr-FR","@id":"https:\/\/gregoirecharlier.be\/?p=199#primaryimage","url":"http:\/\/gregoirecharlier.be\/wp-content\/uploads\/2014\/03\/Expo-avril-212x300.jpg","contentUrl":"http:\/\/gregoirecharlier.be\/wp-content\/uploads\/2014\/03\/Expo-avril-212x300.jpg"},{"@type":"BreadcrumbList","@id":"https:\/\/gregoirecharlier.be\/?p=199#breadcrumb","itemListElement":[{"@type":"ListItem","position":1,"name":"Accueil","item":"https:\/\/gregoirecharlier.be\/"},{"@type":"ListItem","position":2,"name":"Vernissage et expo \u00e0 Tilly &#8211; Avril \u00e0 juillet 2014"}]},{"@type":"WebSite","@id":"https:\/\/gregoirecharlier.be\/#website","url":"https:\/\/gregoirecharlier.be\/","name":"Gr\u00e9goire Charlier - GCStones - Sculpture, gravure et taille de pierre","description":"","publisher":{"@id":"https:\/\/gregoirecharlier.be\/#\/schema\/person\/aef19a7a961f4b27d00d2e33b6b92908"},"potentialAction":[{"@type":"SearchAction","target":{"@type":"EntryPoint","urlTemplate":"https:\/\/gregoirecharlier.be\/?s={search_term_string}"},"query-input":{"@type":"PropertyValueSpecification","valueRequired":true,"valueName":"search_term_string"}}],"inLanguage":"fr-FR"},{"@type":["Person","Organization"],"@id":"https:\/\/gregoirecharlier.be\/#\/schema\/person\/aef19a7a961f4b27d00d2e33b6b92908","name":"Gr\u00e9goire Charlier","image":{"@type":"ImageObject","inLanguage":"fr-FR","@id":"https:\/\/gregoirecharlier.be\/wp-content\/uploads\/2018\/04\/cropped-Greg2018_autocollant_400x300_corr.jpg","url":"https:\/\/gregoirecharlier.be\/wp-content\/uploads\/2018\/04\/cropped-Greg2018_autocollant_400x300_corr.jpg","contentUrl":"https:\/\/gregoirecharlier.be\/wp-content\/uploads\/2018\/04\/cropped-Greg2018_autocollant_400x300_corr.jpg","width":2000,"height":1500,"caption":"Gr\u00e9goire Charlier"},"logo":{"@id":"https:\/\/gregoirecharlier.be\/wp-content\/uploads\/2018\/04\/cropped-Greg2018_autocollant_400x300_corr.jpg"},"sameAs":["http:\/\/www.gregoirecharlier.be"],"url":"https:\/\/gregoirecharlier.be\/?author=1"}]}},"_links":{"self":[{"href":"https:\/\/gregoirecharlier.be\/index.php?rest_route=\/wp\/v2\/posts\/199","targetHints":{"allow":["GET"]}}],"collection":[{"href":"https:\/\/gregoirecharlier.be\/index.php?rest_route=\/wp\/v2\/posts"}],"about":[{"href":"https:\/\/gregoirecharlier.be\/index.php?rest_route=\/wp\/v2\/types\/post"}],"author":[{"embeddable":true,"href":"https:\/\/gregoirecharlier.be\/index.php?rest_route=\/wp\/v2\/users\/1"}],"replies":[{"embeddable":true,"href":"https:\/\/gregoirecharlier.be\/index.php?rest_route=%2Fwp%2Fv2%2Fcomments&post=199"}],"version-history":[{"count":1,"href":"https:\/\/gregoirecharlier.be\/index.php?rest_route=\/wp\/v2\/posts\/199\/revisions"}],"predecessor-version":[{"id":200,"href":"https:\/\/gregoirecharlier.be\/index.php?rest_route=\/wp\/v2\/posts\/199\/revisions\/200"}],"wp:attachment":[{"href":"https:\/\/gregoirecharlier.be\/index.php?rest_route=%2Fwp%2Fv2%2Fmedia&parent=199"}],"wp:term":[{"taxonomy":"category","embeddable":true,"href":"https:\/\/gregoirecharlier.be\/index.php?rest_route=%2Fwp%2Fv2%2Fcategories&post=199"},{"taxonomy":"post_tag","embeddable":true,"href":"https:\/\/gregoirecharlier.be\/index.php?rest_route=%2Fwp%2Fv2%2Ftags&post=199"}],"curies":[{"name":"wp","href":"https:\/\/api.w.org\/{rel}","templated":true}]}}