{"id":104,"date":"2013-06-25T22:36:10","date_gmt":"2013-06-25T21:36:10","guid":{"rendered":"http:\/\/gregoirecharlier.be\/?p=104"},"modified":"2025-07-08T10:57:23","modified_gmt":"2025-07-08T09:57:23","slug":"expo-22-et-23-juin-2013","status":"publish","type":"post","link":"https:\/\/gregoirecharlier.be\/?p=104","title":{"rendered":"Expo 22 et 23 juin 2013"},"content":{"rendered":"<p><a href=\"https:\/\/gregoirecharlier.be\/wp-content\/uploads\/2013\/12\/En-t\u00eate-flyers.jpg\"><img loading=\"lazy\" decoding=\"async\" class=\"alignnone size-medium wp-image-183\" alt=\"En-t\u00eate flyers\" src=\"https:\/\/gregoirecharlier.be\/wp-content\/uploads\/2013\/12\/En-t\u00eate-flyers-300x206.jpg\" width=\"300\" height=\"206\" srcset=\"https:\/\/gregoirecharlier.be\/wp-content\/uploads\/2013\/12\/En-t\u00eate-flyers-300x206.jpg 300w, https:\/\/gregoirecharlier.be\/wp-content\/uploads\/2013\/12\/En-t\u00eate-flyers.jpg 450w\" sizes=\"auto, (max-width: 300px) 100vw, 300px\" \/><\/a><\/p>\n<p>J&rsquo;ai ajout\u00e9 une page avec quelques photos prises lors de l&rsquo;expo qui a eu lieu les 22 et 23 juin 2013. Je tiens \u00e0 remercier personnellement l&rsquo;\u00e9quipe de l&rsquo;Agence de D\u00e9veloppement Local d&rsquo;Awans qui s&rsquo;est d\u00e9men\u00e9e pour mener \u00e0 bien l&rsquo;organisation du weekend pendant lequel j&rsquo;ai pu accueillir les visiteurs pour mon exposition. Merci \u00e9galement \u00e0 toutes les personnes qui ont fait le d\u00e9placement pour voir mon travail et en discuter un moment, ce fut un r\u00e9el plaisir. Dernier remerciement mais certainement le plus profond \u00e0 Nathalie qui m&rsquo;a accompagn\u00e9 dans cette aventure et a \u00e9t\u00e9 pr\u00e9sente \u00e0 tout moment, sans elle nous ne serions certainement pas arriv\u00e9 \u00e0 ce r\u00e9sultat, merci de tout c\u0153ur&#8230;<\/p>\n","protected":false},"excerpt":{"rendered":"<p>J&rsquo;ai ajout\u00e9 une page avec quelques photos prises lors de l&rsquo;expo qui a eu lieu les 22 et 23 juin [&hellip;]<\/p>\n","protected":false},"author":1,"featured_media":0,"comment_status":"closed","ping_status":"closed","sticky":false,"template":"","format":"standard","meta":{"site-sidebar-layout":"default","site-content-layout":"","ast-site-content-layout":"default","site-content-style":"default","site-sidebar-style":"default","ast-global-header-display":"","ast-banner-title-visibility":"","ast-main-header-display":"","ast-hfb-above-header-display":"","ast-hfb-below-header-display":"","ast-hfb-mobile-header-display":"","site-post-title":"","ast-breadcrumbs-content":"","ast-featured-img":"","footer-sml-layout":"","theme-transparent-header-meta":"","adv-header-id-meta":"","stick-header-meta":"","header-above-stick-meta":"","header-main-stick-meta":"","header-below-stick-meta":"","astra-migrate-meta-layouts":"default","ast-page-background-enabled":"default","ast-page-background-meta":{"desktop":{"background-color":"var(--ast-global-color-5)","background-image":"","background-repeat":"repeat","background-position":"center center","background-size":"auto","background-attachment":"scroll","background-type":"","background-media":"","overlay-type":"","overlay-color":"","overlay-opacity":"","overlay-gradient":""},"tablet":{"background-color":"","background-image":"","background-repeat":"repeat","background-position":"center center","background-size":"auto","background-attachment":"scroll","background-type":"","background-media":"","overlay-type":"","overlay-color":"","overlay-opacity":"","overlay-gradient":""},"mobile":{"background-color":"","background-image":"","background-repeat":"repeat","background-position":"center center","background-size":"auto","background-attachment":"scroll","background-type":"","background-media":"","overlay-type":"","overlay-color":"","overlay-opacity":"","overlay-gradient":""}},"ast-content-background-meta":{"desktop":{"background-color":"var(--ast-global-color-4)","background-image":"","background-repeat":"repeat","background-position":"center center","background-size":"auto","background-attachment":"scroll","background-type":"","background-media":"","overlay-type":"","overlay-color":"","overlay-opacity":"","overlay-gradient":""},"tablet":{"background-color":"var(--ast-global-color-4)","background-image":"","background-repeat":"repeat","background-position":"center center","background-size":"auto","background-attachment":"scroll","background-type":"","background-media":"","overlay-type":"","overlay-color":"","overlay-opacity":"","overlay-gradient":""},"mobile":{"background-color":"var(--ast-global-color-4)","background-image":"","background-repeat":"repeat","background-position":"center center","background-size":"auto","background-attachment":"scroll","background-type":"","background-media":"","overlay-type":"","overlay-color":"","overlay-opacity":"","overlay-gradient":""}},"footnotes":""},"categories":[4],"tags":[],"class_list":["post-104","post","type-post","status-publish","format-standard","hentry","category-annonces"],"yoast_head":"<!-- This site is optimized with the Yoast SEO plugin v27.5 - https:\/\/yoast.com\/product\/yoast-seo-wordpress\/ -->\n<title>Expo 22 et 23 juin 2013 - Gr\u00e9goire Charlier<\/title>\n<meta name=\"robots\" content=\"index, follow, max-snippet:-1, max-image-preview:large, max-video-preview:-1\" \/>\n<link rel=\"canonical\" href=\"https:\/\/gregoirecharlier.be\/?p=104\" \/>\n<meta property=\"og:locale\" content=\"fr_FR\" \/>\n<meta property=\"og:type\" content=\"article\" \/>\n<meta property=\"og:title\" content=\"Expo 22 et 23 juin 2013 - Gr\u00e9goire Charlier\" \/>\n<meta property=\"og:description\" content=\"J&rsquo;ai ajout\u00e9 une page avec quelques photos prises lors de l&rsquo;expo qui a eu lieu les 22 et 23 juin [&hellip;]\" \/>\n<meta property=\"og:url\" content=\"https:\/\/gregoirecharlier.be\/?p=104\" \/>\n<meta property=\"og:site_name\" content=\"Gr\u00e9goire Charlier\" \/>\n<meta property=\"article:published_time\" content=\"2013-06-25T21:36:10+00:00\" \/>\n<meta property=\"article:modified_time\" content=\"2025-07-08T09:57:23+00:00\" \/>\n<meta name=\"author\" content=\"Gr\u00e9goire Charlier\" \/>\n<meta name=\"twitter:card\" content=\"summary_large_image\" \/>\n<meta name=\"twitter:label1\" content=\"\u00c9crit par\" \/>\n\t<meta name=\"twitter:data1\" content=\"Gr\u00e9goire Charlier\" \/>\n\t<meta name=\"twitter:label2\" content=\"Dur\u00e9e de lecture estim\u00e9e\" \/>\n\t<meta name=\"twitter:data2\" content=\"1 minute\" \/>\n<script type=\"application\/ld+json\" class=\"yoast-schema-graph\">{\"@context\":\"https:\\\/\\\/schema.org\",\"@graph\":[{\"@type\":\"Article\",\"@id\":\"https:\\\/\\\/gregoirecharlier.be\\\/?p=104#article\",\"isPartOf\":{\"@id\":\"https:\\\/\\\/gregoirecharlier.be\\\/?p=104\"},\"author\":{\"name\":\"Gr\u00e9goire Charlier\",\"@id\":\"https:\\\/\\\/gregoirecharlier.be\\\/#\\\/schema\\\/person\\\/aef19a7a961f4b27d00d2e33b6b92908\"},\"headline\":\"Expo 22 et 23 juin 2013\",\"datePublished\":\"2013-06-25T21:36:10+00:00\",\"dateModified\":\"2025-07-08T09:57:23+00:00\",\"mainEntityOfPage\":{\"@id\":\"https:\\\/\\\/gregoirecharlier.be\\\/?p=104\"},\"wordCount\":126,\"publisher\":{\"@id\":\"https:\\\/\\\/gregoirecharlier.be\\\/#\\\/schema\\\/person\\\/aef19a7a961f4b27d00d2e33b6b92908\"},\"articleSection\":[\"Annonces\"],\"inLanguage\":\"fr-FR\"},{\"@type\":\"WebPage\",\"@id\":\"https:\\\/\\\/gregoirecharlier.be\\\/?p=104\",\"url\":\"https:\\\/\\\/gregoirecharlier.be\\\/?p=104\",\"name\":\"Expo 22 et 23 juin 2013 - Gr\u00e9goire Charlier\",\"isPartOf\":{\"@id\":\"https:\\\/\\\/gregoirecharlier.be\\\/#website\"},\"datePublished\":\"2013-06-25T21:36:10+00:00\",\"dateModified\":\"2025-07-08T09:57:23+00:00\",\"breadcrumb\":{\"@id\":\"https:\\\/\\\/gregoirecharlier.be\\\/?p=104#breadcrumb\"},\"inLanguage\":\"fr-FR\",\"potentialAction\":[{\"@type\":\"ReadAction\",\"target\":[\"https:\\\/\\\/gregoirecharlier.be\\\/?p=104\"]}]},{\"@type\":\"BreadcrumbList\",\"@id\":\"https:\\\/\\\/gregoirecharlier.be\\\/?p=104#breadcrumb\",\"itemListElement\":[{\"@type\":\"ListItem\",\"position\":1,\"name\":\"Accueil\",\"item\":\"https:\\\/\\\/gregoirecharlier.be\\\/\"},{\"@type\":\"ListItem\",\"position\":2,\"name\":\"Expo 22 et 23 juin 2013\"}]},{\"@type\":\"WebSite\",\"@id\":\"https:\\\/\\\/gregoirecharlier.be\\\/#website\",\"url\":\"https:\\\/\\\/gregoirecharlier.be\\\/\",\"name\":\"Gr\u00e9goire Charlier - GCStones - Sculpture, gravure et taille de pierre\",\"description\":\"\",\"publisher\":{\"@id\":\"https:\\\/\\\/gregoirecharlier.be\\\/#\\\/schema\\\/person\\\/aef19a7a961f4b27d00d2e33b6b92908\"},\"potentialAction\":[{\"@type\":\"SearchAction\",\"target\":{\"@type\":\"EntryPoint\",\"urlTemplate\":\"https:\\\/\\\/gregoirecharlier.be\\\/?s={search_term_string}\"},\"query-input\":{\"@type\":\"PropertyValueSpecification\",\"valueRequired\":true,\"valueName\":\"search_term_string\"}}],\"inLanguage\":\"fr-FR\"},{\"@type\":[\"Person\",\"Organization\"],\"@id\":\"https:\\\/\\\/gregoirecharlier.be\\\/#\\\/schema\\\/person\\\/aef19a7a961f4b27d00d2e33b6b92908\",\"name\":\"Gr\u00e9goire Charlier\",\"image\":{\"@type\":\"ImageObject\",\"inLanguage\":\"fr-FR\",\"@id\":\"https:\\\/\\\/gregoirecharlier.be\\\/wp-content\\\/uploads\\\/2018\\\/04\\\/cropped-Greg2018_autocollant_400x300_corr.jpg\",\"url\":\"https:\\\/\\\/gregoirecharlier.be\\\/wp-content\\\/uploads\\\/2018\\\/04\\\/cropped-Greg2018_autocollant_400x300_corr.jpg\",\"contentUrl\":\"https:\\\/\\\/gregoirecharlier.be\\\/wp-content\\\/uploads\\\/2018\\\/04\\\/cropped-Greg2018_autocollant_400x300_corr.jpg\",\"width\":2000,\"height\":1500,\"caption\":\"Gr\u00e9goire Charlier\"},\"logo\":{\"@id\":\"https:\\\/\\\/gregoirecharlier.be\\\/wp-content\\\/uploads\\\/2018\\\/04\\\/cropped-Greg2018_autocollant_400x300_corr.jpg\"},\"sameAs\":[\"http:\\\/\\\/www.gregoirecharlier.be\"],\"url\":\"https:\\\/\\\/gregoirecharlier.be\\\/?author=1\"}]}<\/script>\n<!-- \/ Yoast SEO plugin. -->","yoast_head_json":{"title":"Expo 22 et 23 juin 2013 - Gr\u00e9goire Charlier","robots":{"index":"index","follow":"follow","max-snippet":"max-snippet:-1","max-image-preview":"max-image-preview:large","max-video-preview":"max-video-preview:-1"},"canonical":"https:\/\/gregoirecharlier.be\/?p=104","og_locale":"fr_FR","og_type":"article","og_title":"Expo 22 et 23 juin 2013 - Gr\u00e9goire Charlier","og_description":"J&rsquo;ai ajout\u00e9 une page avec quelques photos prises lors de l&rsquo;expo qui a eu lieu les 22 et 23 juin [&hellip;]","og_url":"https:\/\/gregoirecharlier.be\/?p=104","og_site_name":"Gr\u00e9goire Charlier","article_published_time":"2013-06-25T21:36:10+00:00","article_modified_time":"2025-07-08T09:57:23+00:00","author":"Gr\u00e9goire Charlier","twitter_card":"summary_large_image","twitter_misc":{"\u00c9crit par":"Gr\u00e9goire Charlier","Dur\u00e9e de lecture estim\u00e9e":"1 minute"},"schema":{"@context":"https:\/\/schema.org","@graph":[{"@type":"Article","@id":"https:\/\/gregoirecharlier.be\/?p=104#article","isPartOf":{"@id":"https:\/\/gregoirecharlier.be\/?p=104"},"author":{"name":"Gr\u00e9goire Charlier","@id":"https:\/\/gregoirecharlier.be\/#\/schema\/person\/aef19a7a961f4b27d00d2e33b6b92908"},"headline":"Expo 22 et 23 juin 2013","datePublished":"2013-06-25T21:36:10+00:00","dateModified":"2025-07-08T09:57:23+00:00","mainEntityOfPage":{"@id":"https:\/\/gregoirecharlier.be\/?p=104"},"wordCount":126,"publisher":{"@id":"https:\/\/gregoirecharlier.be\/#\/schema\/person\/aef19a7a961f4b27d00d2e33b6b92908"},"articleSection":["Annonces"],"inLanguage":"fr-FR"},{"@type":"WebPage","@id":"https:\/\/gregoirecharlier.be\/?p=104","url":"https:\/\/gregoirecharlier.be\/?p=104","name":"Expo 22 et 23 juin 2013 - Gr\u00e9goire Charlier","isPartOf":{"@id":"https:\/\/gregoirecharlier.be\/#website"},"datePublished":"2013-06-25T21:36:10+00:00","dateModified":"2025-07-08T09:57:23+00:00","breadcrumb":{"@id":"https:\/\/gregoirecharlier.be\/?p=104#breadcrumb"},"inLanguage":"fr-FR","potentialAction":[{"@type":"ReadAction","target":["https:\/\/gregoirecharlier.be\/?p=104"]}]},{"@type":"BreadcrumbList","@id":"https:\/\/gregoirecharlier.be\/?p=104#breadcrumb","itemListElement":[{"@type":"ListItem","position":1,"name":"Accueil","item":"https:\/\/gregoirecharlier.be\/"},{"@type":"ListItem","position":2,"name":"Expo 22 et 23 juin 2013"}]},{"@type":"WebSite","@id":"https:\/\/gregoirecharlier.be\/#website","url":"https:\/\/gregoirecharlier.be\/","name":"Gr\u00e9goire Charlier - GCStones - Sculpture, gravure et taille de pierre","description":"","publisher":{"@id":"https:\/\/gregoirecharlier.be\/#\/schema\/person\/aef19a7a961f4b27d00d2e33b6b92908"},"potentialAction":[{"@type":"SearchAction","target":{"@type":"EntryPoint","urlTemplate":"https:\/\/gregoirecharlier.be\/?s={search_term_string}"},"query-input":{"@type":"PropertyValueSpecification","valueRequired":true,"valueName":"search_term_string"}}],"inLanguage":"fr-FR"},{"@type":["Person","Organization"],"@id":"https:\/\/gregoirecharlier.be\/#\/schema\/person\/aef19a7a961f4b27d00d2e33b6b92908","name":"Gr\u00e9goire Charlier","image":{"@type":"ImageObject","inLanguage":"fr-FR","@id":"https:\/\/gregoirecharlier.be\/wp-content\/uploads\/2018\/04\/cropped-Greg2018_autocollant_400x300_corr.jpg","url":"https:\/\/gregoirecharlier.be\/wp-content\/uploads\/2018\/04\/cropped-Greg2018_autocollant_400x300_corr.jpg","contentUrl":"https:\/\/gregoirecharlier.be\/wp-content\/uploads\/2018\/04\/cropped-Greg2018_autocollant_400x300_corr.jpg","width":2000,"height":1500,"caption":"Gr\u00e9goire Charlier"},"logo":{"@id":"https:\/\/gregoirecharlier.be\/wp-content\/uploads\/2018\/04\/cropped-Greg2018_autocollant_400x300_corr.jpg"},"sameAs":["http:\/\/www.gregoirecharlier.be"],"url":"https:\/\/gregoirecharlier.be\/?author=1"}]}},"_links":{"self":[{"href":"https:\/\/gregoirecharlier.be\/index.php?rest_route=\/wp\/v2\/posts\/104","targetHints":{"allow":["GET"]}}],"collection":[{"href":"https:\/\/gregoirecharlier.be\/index.php?rest_route=\/wp\/v2\/posts"}],"about":[{"href":"https:\/\/gregoirecharlier.be\/index.php?rest_route=\/wp\/v2\/types\/post"}],"author":[{"embeddable":true,"href":"https:\/\/gregoirecharlier.be\/index.php?rest_route=\/wp\/v2\/users\/1"}],"replies":[{"embeddable":true,"href":"https:\/\/gregoirecharlier.be\/index.php?rest_route=%2Fwp%2Fv2%2Fcomments&post=104"}],"version-history":[{"count":4,"href":"https:\/\/gregoirecharlier.be\/index.php?rest_route=\/wp\/v2\/posts\/104\/revisions"}],"predecessor-version":[{"id":184,"href":"https:\/\/gregoirecharlier.be\/index.php?rest_route=\/wp\/v2\/posts\/104\/revisions\/184"}],"wp:attachment":[{"href":"https:\/\/gregoirecharlier.be\/index.php?rest_route=%2Fwp%2Fv2%2Fmedia&parent=104"}],"wp:term":[{"taxonomy":"category","embeddable":true,"href":"https:\/\/gregoirecharlier.be\/index.php?rest_route=%2Fwp%2Fv2%2Fcategories&post=104"},{"taxonomy":"post_tag","embeddable":true,"href":"https:\/\/gregoirecharlier.be\/index.php?rest_route=%2Fwp%2Fv2%2Ftags&post=104"}],"curies":[{"name":"wp","href":"https:\/\/api.w.org\/{rel}","templated":true}]}}